{"id":9364,"date":"2026-01-22T11:41:02","date_gmt":"2026-01-22T11:41:02","guid":{"rendered":"https:\/\/aevaledeste.pt\/site\/?p=9364"},"modified":"2026-01-22T11:53:09","modified_gmt":"2026-01-22T11:53:09","slug":"2-o-encontro-de-tenis-de-mesa-do-desporto-escolar","status":"publish","type":"post","link":"https:\/\/aevaledeste.pt\/site\/2-o-encontro-de-tenis-de-mesa-do-desporto-escolar\/","title":{"rendered":"2.\u00ba Encontro de T\u00e9nis de Mesa do Desporto Escolar"},"content":{"rendered":"\t\t<div data-elementor-type=\"wp-post\" data-elementor-id=\"9364\" class=\"elementor elementor-9364\">\n\t\t\t\t\t\t<section class=\"elementor-section elementor-top-section elementor-element elementor-element-e3bdf0e elementor-section-boxed elementor-section-height-default elementor-section-height-default\" data-id=\"e3bdf0e\" data-element_type=\"section\">\n\t\t\t\t\t\t<div class=\"elementor-container elementor-column-gap-default\">\n\t\t\t\t\t<div class=\"elementor-column elementor-col-100 elementor-top-column elementor-element elementor-element-206fde4\" data-id=\"206fde4\" data-element_type=\"column\">\n\t\t\t<div class=\"elementor-widget-wrap elementor-element-populated\">\n\t\t\t\t\t\t<div class=\"elementor-element elementor-element-b516715 elementor-widget elementor-widget-text-editor\" data-id=\"b516715\" data-element_type=\"widget\" data-widget_type=\"text-editor.default\">\n\t\t\t\t<div class=\"elementor-widget-container\">\n\t\t\t\t\t\t\t<p>No passado dia\u00a0<b>14 de janeiro de 2026<\/b>, 12 atletas da nossa escola participaram no\u00a0<b>2\u00ba Encontro de Desporto Escolar de T\u00e9nis de Mesa, que se realizou na EB de Manhente em Barcelos<\/b>.<\/p><p>Os alunos da nossa escola \u2014 Sofia Carvalho, Mariana Oliveira, Luana Carvalho, Yara Peixoto, Gabriel Carvalho, Guilherme Ara\u00fajo, Sara Gon\u00e7alves, Jos\u00e9 Cardoso, Tom\u00e1s Salazar, Martim Oliveira, Jo\u00e3o Moura e Maria Ara\u00fajo \u2014 estiveram presentes e exibiram uma\u00a0<b>atitude exemplar e um excelente\u00a0<i>fair-play<\/i><\/b>\u00a0ao longo de todos os jogos, demonstrando o verdadeiro esp\u00edrito do Desporto Escolar.<\/p><p>Os resultados mais relevantes foram no escal\u00e3o Infantil B Feminino:<\/p><p><b>Sofia Carvalho<\/b>\u00a0(2\u00aa classificada), a Luana Carvalho\u00a0<b>\u00a0<\/b>(3\u00aa classificada) e Mariana Oliveira (4\u00aa classificada)<\/p><p><img fetchpriority=\"high\" decoding=\"async\" class=\"aligncenter wp-image-9379 size-medium\" src=\"https:\/\/aevaledeste.pt\/site\/wp-content\/uploads\/2026\/01\/1768995514674_2-220x300.jpg\" alt=\"\" width=\"220\" height=\"300\" srcset=\"https:\/\/aevaledeste.pt\/site\/wp-content\/uploads\/2026\/01\/1768995514674_2-220x300.jpg 220w, https:\/\/aevaledeste.pt\/site\/wp-content\/uploads\/2026\/01\/1768995514674_2-751x1024.jpg 751w, https:\/\/aevaledeste.pt\/site\/wp-content\/uploads\/2026\/01\/1768995514674_2-768x1047.jpg 768w, https:\/\/aevaledeste.pt\/site\/wp-content\/uploads\/2026\/01\/1768995514674_2-1127x1536.jpg 1127w, https:\/\/aevaledeste.pt\/site\/wp-content\/uploads\/2026\/01\/1768995514674_2-9x12.jpg 9w, https:\/\/aevaledeste.pt\/site\/wp-content\/uploads\/2026\/01\/1768995514674_2-110x150.jpg 110w, https:\/\/aevaledeste.pt\/site\/wp-content\/uploads\/2026\/01\/1768995514674_2.jpg 1488w\" sizes=\"(max-width: 220px) 100vw, 220px\" \/><\/p>\t\t\t\t\t\t<\/div>\n\t\t\t\t<\/div>\n\t\t\t\t\t<\/div>\n\t\t<\/div>\n\t\t\t\t\t<\/div>\n\t\t<\/section>\n\t\t\t\t<\/div>\n\t\t","protected":false},"excerpt":{"rendered":"<p>No passado dia\u00a014 de janeiro de 2026, 12 atletas da nossa escola participaram no\u00a02\u00ba Encontro de Desporto Escolar de T\u00e9nis de Mesa, que se realizou na EB de Manhente em Barcelos. Os alunos da nossa escola \u2014 Sofia Carvalho, Mariana Oliveira, Luana Carvalho, Yara Peixoto,&nbsp;<a href=\"https:\/\/aevaledeste.pt\/site\/2-o-encontro-de-tenis-de-mesa-do-desporto-escolar\/\">&hellip;<\/a><\/p>\n","protected":false},"author":5,"featured_media":9365,"comment_status":"closed","ping_status":"closed","sticky":false,"template":"","format":"standard","meta":{"footnotes":""},"categories":[1],"tags":[],"class_list":["post-9364","post","type-post","status-publish","format-standard","has-post-thumbnail","hentry","category-noticias","odd"],"yoast_head":"<!-- This site is optimized with the Yoast SEO plugin v23.7 - https:\/\/yoast.com\/wordpress\/plugins\/seo\/ -->\n<title>2.\u00ba Encontro de T\u00e9nis de Mesa do Desporto Escolar - Agrupamento de Escolas de Vale D&#039;Este<\/title>\n<meta name=\"robots\" content=\"index, follow, max-snippet:-1, max-image-preview:large, max-video-preview:-1\" \/>\n<link rel=\"canonical\" href=\"https:\/\/aevaledeste.pt\/site\/2-o-encontro-de-tenis-de-mesa-do-desporto-escolar\/\" \/>\n<meta property=\"og:locale\" content=\"pt_PT\" \/>\n<meta property=\"og:type\" content=\"article\" \/>\n<meta property=\"og:title\" content=\"2.\u00ba Encontro de T\u00e9nis de Mesa do Desporto Escolar - Agrupamento de Escolas de Vale D&#039;Este\" \/>\n<meta property=\"og:description\" content=\"No passado dia\u00a014 de janeiro de 2026, 12 atletas da nossa escola participaram no\u00a02\u00ba Encontro de Desporto Escolar de T\u00e9nis de Mesa, que se realizou na EB de Manhente em Barcelos. Os alunos da nossa escola \u2014 Sofia Carvalho, Mariana Oliveira, Luana Carvalho, Yara Peixoto,&nbsp;&hellip;\" \/>\n<meta property=\"og:url\" content=\"https:\/\/aevaledeste.pt\/site\/2-o-encontro-de-tenis-de-mesa-do-desporto-escolar\/\" \/>\n<meta property=\"og:site_name\" content=\"Agrupamento de Escolas de Vale D&#039;Este\" \/>\n<meta property=\"article:published_time\" content=\"2026-01-22T11:41:02+00:00\" \/>\n<meta property=\"article:modified_time\" content=\"2026-01-22T11:53:09+00:00\" \/>\n<meta property=\"og:image\" content=\"https:\/\/aevaledeste.pt\/site\/wp-content\/uploads\/2026\/01\/tenism.png\" \/>\n\t<meta property=\"og:image:width\" content=\"600\" \/>\n\t<meta property=\"og:image:height\" content=\"350\" \/>\n\t<meta property=\"og:image:type\" content=\"image\/png\" \/>\n<meta name=\"author\" content=\"Agrupamento de Escolas De Vale D&#039;Este\" \/>\n<meta name=\"twitter:card\" content=\"summary_large_image\" \/>\n<meta name=\"twitter:label1\" content=\"Escrito por\" \/>\n\t<meta name=\"twitter:data1\" content=\"Agrupamento de Escolas De Vale D&#039;Este\" \/>\n\t<meta name=\"twitter:label2\" content=\"Tempo estimado de leitura\" \/>\n\t<meta name=\"twitter:data2\" content=\"1 minuto\" \/>\n<script type=\"application\/ld+json\" class=\"yoast-schema-graph\">{\"@context\":\"https:\/\/schema.org\",\"@graph\":[{\"@type\":\"Article\",\"@id\":\"https:\/\/aevaledeste.pt\/site\/2-o-encontro-de-tenis-de-mesa-do-desporto-escolar\/#article\",\"isPartOf\":{\"@id\":\"https:\/\/aevaledeste.pt\/site\/2-o-encontro-de-tenis-de-mesa-do-desporto-escolar\/\"},\"author\":{\"name\":\"Agrupamento de Escolas De Vale D'Este\",\"@id\":\"https:\/\/aevaledeste.pt\/site\/#\/schema\/person\/7aedd04578439e4ebc023ee04390ddd5\"},\"headline\":\"2.\u00ba Encontro de T\u00e9nis de Mesa do Desporto Escolar\",\"datePublished\":\"2026-01-22T11:41:02+00:00\",\"dateModified\":\"2026-01-22T11:53:09+00:00\",\"mainEntityOfPage\":{\"@id\":\"https:\/\/aevaledeste.pt\/site\/2-o-encontro-de-tenis-de-mesa-do-desporto-escolar\/\"},\"wordCount\":121,\"publisher\":{\"@id\":\"https:\/\/aevaledeste.pt\/site\/#organization\"},\"image\":{\"@id\":\"https:\/\/aevaledeste.pt\/site\/2-o-encontro-de-tenis-de-mesa-do-desporto-escolar\/#primaryimage\"},\"thumbnailUrl\":\"https:\/\/aevaledeste.pt\/site\/wp-content\/uploads\/2026\/01\/tenism.png\",\"articleSection\":[\"Noticias\"],\"inLanguage\":\"pt-PT\"},{\"@type\":\"WebPage\",\"@id\":\"https:\/\/aevaledeste.pt\/site\/2-o-encontro-de-tenis-de-mesa-do-desporto-escolar\/\",\"url\":\"https:\/\/aevaledeste.pt\/site\/2-o-encontro-de-tenis-de-mesa-do-desporto-escolar\/\",\"name\":\"2.\u00ba Encontro de T\u00e9nis de Mesa do Desporto Escolar - Agrupamento de Escolas de Vale D&#039;Este\",\"isPartOf\":{\"@id\":\"https:\/\/aevaledeste.pt\/site\/#website\"},\"primaryImageOfPage\":{\"@id\":\"https:\/\/aevaledeste.pt\/site\/2-o-encontro-de-tenis-de-mesa-do-desporto-escolar\/#primaryimage\"},\"image\":{\"@id\":\"https:\/\/aevaledeste.pt\/site\/2-o-encontro-de-tenis-de-mesa-do-desporto-escolar\/#primaryimage\"},\"thumbnailUrl\":\"https:\/\/aevaledeste.pt\/site\/wp-content\/uploads\/2026\/01\/tenism.png\",\"datePublished\":\"2026-01-22T11:41:02+00:00\",\"dateModified\":\"2026-01-22T11:53:09+00:00\",\"breadcrumb\":{\"@id\":\"https:\/\/aevaledeste.pt\/site\/2-o-encontro-de-tenis-de-mesa-do-desporto-escolar\/#breadcrumb\"},\"inLanguage\":\"pt-PT\",\"potentialAction\":[{\"@type\":\"ReadAction\",\"target\":[\"https:\/\/aevaledeste.pt\/site\/2-o-encontro-de-tenis-de-mesa-do-desporto-escolar\/\"]}]},{\"@type\":\"ImageObject\",\"inLanguage\":\"pt-PT\",\"@id\":\"https:\/\/aevaledeste.pt\/site\/2-o-encontro-de-tenis-de-mesa-do-desporto-escolar\/#primaryimage\",\"url\":\"https:\/\/aevaledeste.pt\/site\/wp-content\/uploads\/2026\/01\/tenism.png\",\"contentUrl\":\"https:\/\/aevaledeste.pt\/site\/wp-content\/uploads\/2026\/01\/tenism.png\",\"width\":600,\"height\":350},{\"@type\":\"BreadcrumbList\",\"@id\":\"https:\/\/aevaledeste.pt\/site\/2-o-encontro-de-tenis-de-mesa-do-desporto-escolar\/#breadcrumb\",\"itemListElement\":[{\"@type\":\"ListItem\",\"position\":1,\"name\":\"In\u00edcio\",\"item\":\"https:\/\/aevaledeste.pt\/site\/\"},{\"@type\":\"ListItem\",\"position\":2,\"name\":\"2.\u00ba Encontro de T\u00e9nis de Mesa do Desporto Escolar\"}]},{\"@type\":\"WebSite\",\"@id\":\"https:\/\/aevaledeste.pt\/site\/#website\",\"url\":\"https:\/\/aevaledeste.pt\/site\/\",\"name\":\"Agrupamento de Escolas de Vale D&#039;Este\",\"description\":\"Faz a tua escolha!\",\"publisher\":{\"@id\":\"https:\/\/aevaledeste.pt\/site\/#organization\"},\"potentialAction\":[{\"@type\":\"SearchAction\",\"target\":{\"@type\":\"EntryPoint\",\"urlTemplate\":\"https:\/\/aevaledeste.pt\/site\/?s={search_term_string}\"},\"query-input\":{\"@type\":\"PropertyValueSpecification\",\"valueRequired\":true,\"valueName\":\"search_term_string\"}}],\"inLanguage\":\"pt-PT\"},{\"@type\":\"Organization\",\"@id\":\"https:\/\/aevaledeste.pt\/site\/#organization\",\"name\":\"Agrupamento de Escolas de Vale D&#039;Este\",\"url\":\"https:\/\/aevaledeste.pt\/site\/\",\"logo\":{\"@type\":\"ImageObject\",\"inLanguage\":\"pt-PT\",\"@id\":\"https:\/\/aevaledeste.pt\/site\/#\/schema\/logo\/image\/\",\"url\":\"https:\/\/aevaledeste.pt\/site\/wp-content\/uploads\/2022\/09\/1-e1664446422139.png\",\"contentUrl\":\"https:\/\/aevaledeste.pt\/site\/wp-content\/uploads\/2022\/09\/1-e1664446422139.png\",\"width\":600,\"height\":78,\"caption\":\"Agrupamento de Escolas de Vale D&#039;Este\"},\"image\":{\"@id\":\"https:\/\/aevaledeste.pt\/site\/#\/schema\/logo\/image\/\"}},{\"@type\":\"Person\",\"@id\":\"https:\/\/aevaledeste.pt\/site\/#\/schema\/person\/7aedd04578439e4ebc023ee04390ddd5\",\"name\":\"Agrupamento de Escolas De Vale D'Este\",\"image\":{\"@type\":\"ImageObject\",\"inLanguage\":\"pt-PT\",\"@id\":\"https:\/\/aevaledeste.pt\/site\/#\/schema\/person\/image\/\",\"url\":\"https:\/\/secure.gravatar.com\/avatar\/17cc01e9d7154b6e3eb494fe0786922a12c603458f3d4d50e11698f8b9953d74?s=96&d=mm&r=g\",\"contentUrl\":\"https:\/\/secure.gravatar.com\/avatar\/17cc01e9d7154b6e3eb494fe0786922a12c603458f3d4d50e11698f8b9953d74?s=96&d=mm&r=g\",\"caption\":\"Agrupamento de Escolas De Vale D'Este\"},\"url\":\"https:\/\/aevaledeste.pt\/site\/author\/aeve\/\"}]}<\/script>\n<!-- \/ Yoast SEO plugin. -->","yoast_head_json":{"title":"2.\u00ba Encontro de T\u00e9nis de Mesa do Desporto Escolar - Agrupamento de Escolas de Vale D&#039;Este","robots":{"index":"index","follow":"follow","max-snippet":"max-snippet:-1","max-image-preview":"max-image-preview:large","max-video-preview":"max-video-preview:-1"},"canonical":"https:\/\/aevaledeste.pt\/site\/2-o-encontro-de-tenis-de-mesa-do-desporto-escolar\/","og_locale":"pt_PT","og_type":"article","og_title":"2.\u00ba Encontro de T\u00e9nis de Mesa do Desporto Escolar - Agrupamento de Escolas de Vale D&#039;Este","og_description":"No passado dia\u00a014 de janeiro de 2026, 12 atletas da nossa escola participaram no\u00a02\u00ba Encontro de Desporto Escolar de T\u00e9nis de Mesa, que se realizou na EB de Manhente em Barcelos. Os alunos da nossa escola \u2014 Sofia Carvalho, Mariana Oliveira, Luana Carvalho, Yara Peixoto,&nbsp;&hellip;","og_url":"https:\/\/aevaledeste.pt\/site\/2-o-encontro-de-tenis-de-mesa-do-desporto-escolar\/","og_site_name":"Agrupamento de Escolas de Vale D&#039;Este","article_published_time":"2026-01-22T11:41:02+00:00","article_modified_time":"2026-01-22T11:53:09+00:00","og_image":[{"width":600,"height":350,"url":"https:\/\/aevaledeste.pt\/site\/wp-content\/uploads\/2026\/01\/tenism.png","type":"image\/png"}],"author":"Agrupamento de Escolas De Vale D'Este","twitter_card":"summary_large_image","twitter_misc":{"Escrito por":"Agrupamento de Escolas De Vale D'Este","Tempo estimado de leitura":"1 minuto"},"schema":{"@context":"https:\/\/schema.org","@graph":[{"@type":"Article","@id":"https:\/\/aevaledeste.pt\/site\/2-o-encontro-de-tenis-de-mesa-do-desporto-escolar\/#article","isPartOf":{"@id":"https:\/\/aevaledeste.pt\/site\/2-o-encontro-de-tenis-de-mesa-do-desporto-escolar\/"},"author":{"name":"Agrupamento de Escolas De Vale D'Este","@id":"https:\/\/aevaledeste.pt\/site\/#\/schema\/person\/7aedd04578439e4ebc023ee04390ddd5"},"headline":"2.\u00ba Encontro de T\u00e9nis de Mesa do Desporto Escolar","datePublished":"2026-01-22T11:41:02+00:00","dateModified":"2026-01-22T11:53:09+00:00","mainEntityOfPage":{"@id":"https:\/\/aevaledeste.pt\/site\/2-o-encontro-de-tenis-de-mesa-do-desporto-escolar\/"},"wordCount":121,"publisher":{"@id":"https:\/\/aevaledeste.pt\/site\/#organization"},"image":{"@id":"https:\/\/aevaledeste.pt\/site\/2-o-encontro-de-tenis-de-mesa-do-desporto-escolar\/#primaryimage"},"thumbnailUrl":"https:\/\/aevaledeste.pt\/site\/wp-content\/uploads\/2026\/01\/tenism.png","articleSection":["Noticias"],"inLanguage":"pt-PT"},{"@type":"WebPage","@id":"https:\/\/aevaledeste.pt\/site\/2-o-encontro-de-tenis-de-mesa-do-desporto-escolar\/","url":"https:\/\/aevaledeste.pt\/site\/2-o-encontro-de-tenis-de-mesa-do-desporto-escolar\/","name":"2.\u00ba Encontro de T\u00e9nis de Mesa do Desporto Escolar - Agrupamento de Escolas de Vale D&#039;Este","isPartOf":{"@id":"https:\/\/aevaledeste.pt\/site\/#website"},"primaryImageOfPage":{"@id":"https:\/\/aevaledeste.pt\/site\/2-o-encontro-de-tenis-de-mesa-do-desporto-escolar\/#primaryimage"},"image":{"@id":"https:\/\/aevaledeste.pt\/site\/2-o-encontro-de-tenis-de-mesa-do-desporto-escolar\/#primaryimage"},"thumbnailUrl":"https:\/\/aevaledeste.pt\/site\/wp-content\/uploads\/2026\/01\/tenism.png","datePublished":"2026-01-22T11:41:02+00:00","dateModified":"2026-01-22T11:53:09+00:00","breadcrumb":{"@id":"https:\/\/aevaledeste.pt\/site\/2-o-encontro-de-tenis-de-mesa-do-desporto-escolar\/#breadcrumb"},"inLanguage":"pt-PT","potentialAction":[{"@type":"ReadAction","target":["https:\/\/aevaledeste.pt\/site\/2-o-encontro-de-tenis-de-mesa-do-desporto-escolar\/"]}]},{"@type":"ImageObject","inLanguage":"pt-PT","@id":"https:\/\/aevaledeste.pt\/site\/2-o-encontro-de-tenis-de-mesa-do-desporto-escolar\/#primaryimage","url":"https:\/\/aevaledeste.pt\/site\/wp-content\/uploads\/2026\/01\/tenism.png","contentUrl":"https:\/\/aevaledeste.pt\/site\/wp-content\/uploads\/2026\/01\/tenism.png","width":600,"height":350},{"@type":"BreadcrumbList","@id":"https:\/\/aevaledeste.pt\/site\/2-o-encontro-de-tenis-de-mesa-do-desporto-escolar\/#breadcrumb","itemListElement":[{"@type":"ListItem","position":1,"name":"In\u00edcio","item":"https:\/\/aevaledeste.pt\/site\/"},{"@type":"ListItem","position":2,"name":"2.\u00ba Encontro de T\u00e9nis de Mesa do Desporto Escolar"}]},{"@type":"WebSite","@id":"https:\/\/aevaledeste.pt\/site\/#website","url":"https:\/\/aevaledeste.pt\/site\/","name":"Agrupamento de Escolas de Vale D&#039;Este","description":"Faz a tua escolha!","publisher":{"@id":"https:\/\/aevaledeste.pt\/site\/#organization"},"potentialAction":[{"@type":"SearchAction","target":{"@type":"EntryPoint","urlTemplate":"https:\/\/aevaledeste.pt\/site\/?s={search_term_string}"},"query-input":{"@type":"PropertyValueSpecification","valueRequired":true,"valueName":"search_term_string"}}],"inLanguage":"pt-PT"},{"@type":"Organization","@id":"https:\/\/aevaledeste.pt\/site\/#organization","name":"Agrupamento de Escolas de Vale D&#039;Este","url":"https:\/\/aevaledeste.pt\/site\/","logo":{"@type":"ImageObject","inLanguage":"pt-PT","@id":"https:\/\/aevaledeste.pt\/site\/#\/schema\/logo\/image\/","url":"https:\/\/aevaledeste.pt\/site\/wp-content\/uploads\/2022\/09\/1-e1664446422139.png","contentUrl":"https:\/\/aevaledeste.pt\/site\/wp-content\/uploads\/2022\/09\/1-e1664446422139.png","width":600,"height":78,"caption":"Agrupamento de Escolas de Vale D&#039;Este"},"image":{"@id":"https:\/\/aevaledeste.pt\/site\/#\/schema\/logo\/image\/"}},{"@type":"Person","@id":"https:\/\/aevaledeste.pt\/site\/#\/schema\/person\/7aedd04578439e4ebc023ee04390ddd5","name":"Agrupamento de Escolas De Vale D'Este","image":{"@type":"ImageObject","inLanguage":"pt-PT","@id":"https:\/\/aevaledeste.pt\/site\/#\/schema\/person\/image\/","url":"https:\/\/secure.gravatar.com\/avatar\/17cc01e9d7154b6e3eb494fe0786922a12c603458f3d4d50e11698f8b9953d74?s=96&d=mm&r=g","contentUrl":"https:\/\/secure.gravatar.com\/avatar\/17cc01e9d7154b6e3eb494fe0786922a12c603458f3d4d50e11698f8b9953d74?s=96&d=mm&r=g","caption":"Agrupamento de Escolas De Vale D'Este"},"url":"https:\/\/aevaledeste.pt\/site\/author\/aeve\/"}]}},"_links":{"self":[{"href":"https:\/\/aevaledeste.pt\/site\/wp-json\/wp\/v2\/posts\/9364","targetHints":{"allow":["GET"]}}],"collection":[{"href":"https:\/\/aevaledeste.pt\/site\/wp-json\/wp\/v2\/posts"}],"about":[{"href":"https:\/\/aevaledeste.pt\/site\/wp-json\/wp\/v2\/types\/post"}],"author":[{"embeddable":true,"href":"https:\/\/aevaledeste.pt\/site\/wp-json\/wp\/v2\/users\/5"}],"replies":[{"embeddable":true,"href":"https:\/\/aevaledeste.pt\/site\/wp-json\/wp\/v2\/comments?post=9364"}],"version-history":[{"count":13,"href":"https:\/\/aevaledeste.pt\/site\/wp-json\/wp\/v2\/posts\/9364\/revisions"}],"predecessor-version":[{"id":9382,"href":"https:\/\/aevaledeste.pt\/site\/wp-json\/wp\/v2\/posts\/9364\/revisions\/9382"}],"wp:featuredmedia":[{"embeddable":true,"href":"https:\/\/aevaledeste.pt\/site\/wp-json\/wp\/v2\/media\/9365"}],"wp:attachment":[{"href":"https:\/\/aevaledeste.pt\/site\/wp-json\/wp\/v2\/media?parent=9364"}],"wp:term":[{"taxonomy":"category","embeddable":true,"href":"https:\/\/aevaledeste.pt\/site\/wp-json\/wp\/v2\/categories?post=9364"},{"taxonomy":"post_tag","embeddable":true,"href":"https:\/\/aevaledeste.pt\/site\/wp-json\/wp\/v2\/tags?post=9364"}],"curies":[{"name":"wp","href":"https:\/\/api.w.org\/{rel}","templated":true}]}}