{"id":9117,"date":"2025-12-16T15:21:38","date_gmt":"2025-12-16T15:21:38","guid":{"rendered":"https:\/\/aevaledeste.pt\/site\/?p=9117"},"modified":"2025-12-17T17:22:06","modified_gmt":"2025-12-17T17:22:06","slug":"pedal-magico-descobre-o-natal-em-barcelos","status":"publish","type":"post","link":"https:\/\/aevaledeste.pt\/site\/pedal-magico-descobre-o-natal-em-barcelos\/","title":{"rendered":"\u201cPedal M\u00e1gico descobre o Natal em Barcelos\u201d"},"content":{"rendered":"\t\t<div data-elementor-type=\"wp-post\" data-elementor-id=\"9117\" class=\"elementor elementor-9117\">\n\t\t\t\t\t\t<section class=\"elementor-section elementor-top-section elementor-element elementor-element-968a32f elementor-section-boxed elementor-section-height-default elementor-section-height-default\" data-id=\"968a32f\" data-element_type=\"section\">\n\t\t\t\t\t\t<div class=\"elementor-container elementor-column-gap-default\">\n\t\t\t\t\t<div class=\"elementor-column elementor-col-100 elementor-top-column elementor-element elementor-element-29091f2\" data-id=\"29091f2\" data-element_type=\"column\">\n\t\t\t<div class=\"elementor-widget-wrap elementor-element-populated\">\n\t\t\t\t\t\t<div class=\"elementor-element elementor-element-16f0ea4 elementor-widget elementor-widget-text-editor\" data-id=\"16f0ea4\" data-element_type=\"widget\" data-widget_type=\"text-editor.default\">\n\t\t\t\t<div class=\"elementor-widget-container\">\n\t\t\t\t\t\t\t<p>Mesmo com o tempo chuvoso que se fez sentir, as crian\u00e7as do Jardim de Inf\u00e2ncia de Rio Covo viveram um dia especial, cheio de alegria, descoberta e esp\u00edrito natal\u00edcio.<\/p><p>No \u00e2mbito do projeto \u201cPedal M\u00e1gico\u201d, no dia 15 de dezembro, o grupo deslocou-se a Barcelos para participar na atividade \u201cPasseio Encantado: Pedal M\u00e1gico descobre o Natal em Barcelos\u201d. A chuva n\u00e3o foi impedimento para a realiza\u00e7\u00e3o desta experi\u00eancia, que se revelou verdadeiramente enriquecedora e memor\u00e1vel para todas as crian\u00e7as envolvidas.<\/p><p>A atividade contou com a preciosa colabora\u00e7\u00e3o do Clube BIkE, com a participa\u00e7\u00e3o de quatro alunos tutores do 9.\u00ba ano do Agrupamento de Escolas Vale D\u2019Este, cujo acompanhamento e empenho foram fundamentais para o sucesso da iniciativa, promovendo a partilha, a entreajuda e o esp\u00edrito de responsabilidade entre alunos de diferentes idades.<\/p><p>Ao longo do passeio, foi poss\u00edvel conhecer e valorizar o patrim\u00f3nio cultural da cidade, incentivando o uso da bicicleta como meio de transporte sustent\u00e1vel e refor\u00e7ando a consciencializa\u00e7\u00e3o ambiental desde cedo. As crian\u00e7as tiveram ainda a oportunidade de desenvolver o seu imagin\u00e1rio e de vivenciar, de forma muito pr\u00f3xima, o esp\u00edrito natal\u00edcio da cidade.<\/p><p>A visita \u00e0 exposi\u00e7\u00e3o \u201cNatal Ecol\u00f3gico\u201d despertou grande curiosidade e entusiasmo, permitindo a observa\u00e7\u00e3o e descoberta de materiais reciclados e naturais utilizados nas decora\u00e7\u00f5es de Natal, sensibilizando para pr\u00e1ticas mais sustent\u00e1veis e amigas do ambiente.<\/p><p>Esta iniciativa s\u00f3 foi poss\u00edvel gra\u00e7as \u00e0 colabora\u00e7\u00e3o e apoio da assistente operacional, dos pais e encarregados de educa\u00e7\u00e3o, da Associa\u00e7\u00e3o de Pais, da Junta de Freguesia e da Associa\u00e7\u00e3o TOCAndar, cujo contributo foi essencial para a concretiza\u00e7\u00e3o de um dia repleto de aprendizagens, conv\u00edvio e alegria.<\/p><p>Apesar da chuva, ficou a certeza de que foi um dia vivido com entusiasmo, experi\u00eancias diversificadas e o fortalecimento dos la\u00e7os de amizade entre os diferentes ciclos do agrupamento, deixando mem\u00f3rias felizes em todas as crian\u00e7as.<\/p>\t\t\t\t\t\t<\/div>\n\t\t\t\t<\/div>\n\t\t\t\t<div class=\"elementor-element elementor-element-b99c6d1 elementor-arrows-position-inside elementor-pagination-position-outside elementor-widget elementor-widget-image-carousel\" data-id=\"b99c6d1\" data-element_type=\"widget\" data-settings=\"{&quot;navigation&quot;:&quot;both&quot;,&quot;autoplay&quot;:&quot;yes&quot;,&quot;pause_on_hover&quot;:&quot;yes&quot;,&quot;pause_on_interaction&quot;:&quot;yes&quot;,&quot;autoplay_speed&quot;:5000,&quot;infinite&quot;:&quot;yes&quot;,&quot;speed&quot;:500}\" data-widget_type=\"image-carousel.default\">\n\t\t\t\t<div class=\"elementor-widget-container\">\n\t\t\t\t\t<div class=\"elementor-image-carousel-wrapper swiper\" dir=\"ltr\">\n\t\t\t<div class=\"elementor-image-carousel swiper-wrapper\" aria-live=\"off\">\n\t\t\t\t\t\t\t\t<div class=\"swiper-slide\" role=\"group\" aria-roledescription=\"slide\" aria-label=\"1 of 4\"><figure class=\"swiper-slide-inner\"><img decoding=\"async\" class=\"swiper-slide-image\" src=\"https:\/\/aevaledeste.pt\/site\/wp-content\/uploads\/2025\/12\/IMG_9227-225x300.jpg\" alt=\"IMG_9227\" \/><\/figure><\/div><div class=\"swiper-slide\" role=\"group\" aria-roledescription=\"slide\" aria-label=\"2 of 4\"><figure class=\"swiper-slide-inner\"><img decoding=\"async\" class=\"swiper-slide-image\" src=\"https:\/\/aevaledeste.pt\/site\/wp-content\/uploads\/2025\/12\/IMG_9242-225x300.jpg\" alt=\"IMG_9242\" \/><\/figure><\/div><div class=\"swiper-slide\" role=\"group\" aria-roledescription=\"slide\" aria-label=\"3 of 4\"><figure class=\"swiper-slide-inner\"><img decoding=\"async\" class=\"swiper-slide-image\" src=\"https:\/\/aevaledeste.pt\/site\/wp-content\/uploads\/2025\/12\/IMG_9247-225x300.jpg\" alt=\"IMG_9247\" \/><\/figure><\/div><div class=\"swiper-slide\" role=\"group\" aria-roledescription=\"slide\" aria-label=\"4 of 4\"><figure class=\"swiper-slide-inner\"><img decoding=\"async\" class=\"swiper-slide-image\" src=\"https:\/\/aevaledeste.pt\/site\/wp-content\/uploads\/2025\/12\/IMG_9204-300x109.jpg\" alt=\"IMG_9204\" \/><\/figure><\/div>\t\t\t<\/div>\n\t\t\t\t\t\t\t\t\t\t\t\t<div class=\"elementor-swiper-button elementor-swiper-button-prev\" role=\"button\" tabindex=\"0\">\n\t\t\t\t\t\t<i aria-hidden=\"true\" class=\"eicon-chevron-left\"><\/i>\t\t\t\t\t<\/div>\n\t\t\t\t\t<div class=\"elementor-swiper-button elementor-swiper-button-next\" role=\"button\" tabindex=\"0\">\n\t\t\t\t\t\t<i aria-hidden=\"true\" class=\"eicon-chevron-right\"><\/i>\t\t\t\t\t<\/div>\n\t\t\t\t\n\t\t\t\t\t\t\t\t\t<div class=\"swiper-pagination\"><\/div>\n\t\t\t\t\t\t\t\t\t<\/div>\n\t\t\t\t<\/div>\n\t\t\t\t<\/div>\n\t\t\t\t\t<\/div>\n\t\t<\/div>\n\t\t\t\t\t<\/div>\n\t\t<\/section>\n\t\t\t\t<\/div>\n\t\t","protected":false},"excerpt":{"rendered":"<p>Mesmo com o tempo chuvoso que se fez sentir, as crian\u00e7as do Jardim de Inf\u00e2ncia de Rio Covo viveram um dia especial, cheio de alegria, descoberta e esp\u00edrito natal\u00edcio. No \u00e2mbito do projeto \u201cPedal M\u00e1gico\u201d, no dia 15 de dezembro, o grupo deslocou-se a Barcelos&nbsp;<a href=\"https:\/\/aevaledeste.pt\/site\/pedal-magico-descobre-o-natal-em-barcelos\/\">&hellip;<\/a><\/p>\n","protected":false},"author":5,"featured_media":9118,"comment_status":"closed","ping_status":"closed","sticky":false,"template":"","format":"standard","meta":{"footnotes":""},"categories":[1],"tags":[],"class_list":["post-9117","post","type-post","status-publish","format-standard","has-post-thumbnail","hentry","category-noticias","odd"],"yoast_head":"<!-- This site is optimized with the Yoast SEO plugin v23.7 - https:\/\/yoast.com\/wordpress\/plugins\/seo\/ -->\n<title>\u201cPedal M\u00e1gico descobre o Natal em Barcelos\u201d - Agrupamento de Escolas de Vale D&#039;Este<\/title>\n<meta name=\"robots\" content=\"index, follow, max-snippet:-1, max-image-preview:large, max-video-preview:-1\" \/>\n<link rel=\"canonical\" href=\"https:\/\/aevaledeste.pt\/site\/pedal-magico-descobre-o-natal-em-barcelos\/\" \/>\n<meta property=\"og:locale\" content=\"pt_PT\" \/>\n<meta property=\"og:type\" content=\"article\" \/>\n<meta property=\"og:title\" content=\"\u201cPedal M\u00e1gico descobre o Natal em Barcelos\u201d - Agrupamento de Escolas de Vale D&#039;Este\" \/>\n<meta property=\"og:description\" content=\"Mesmo com o tempo chuvoso que se fez sentir, as crian\u00e7as do Jardim de Inf\u00e2ncia de Rio Covo viveram um dia especial, cheio de alegria, descoberta e esp\u00edrito natal\u00edcio. No \u00e2mbito do projeto \u201cPedal M\u00e1gico\u201d, no dia 15 de dezembro, o grupo deslocou-se a Barcelos&nbsp;&hellip;\" \/>\n<meta property=\"og:url\" content=\"https:\/\/aevaledeste.pt\/site\/pedal-magico-descobre-o-natal-em-barcelos\/\" \/>\n<meta property=\"og:site_name\" content=\"Agrupamento de Escolas de Vale D&#039;Este\" \/>\n<meta property=\"article:published_time\" content=\"2025-12-16T15:21:38+00:00\" \/>\n<meta property=\"article:modified_time\" content=\"2025-12-17T17:22:06+00:00\" \/>\n<meta property=\"og:image\" content=\"https:\/\/aevaledeste.pt\/site\/wp-content\/uploads\/2025\/12\/pedalar.png\" \/>\n\t<meta property=\"og:image:width\" content=\"600\" \/>\n\t<meta property=\"og:image:height\" content=\"350\" \/>\n\t<meta property=\"og:image:type\" content=\"image\/png\" \/>\n<meta name=\"author\" content=\"Agrupamento de Escolas De Vale D&#039;Este\" \/>\n<meta name=\"twitter:card\" content=\"summary_large_image\" \/>\n<meta name=\"twitter:label1\" content=\"Escrito por\" \/>\n\t<meta name=\"twitter:data1\" content=\"Agrupamento de Escolas De Vale D&#039;Este\" \/>\n\t<meta name=\"twitter:label2\" content=\"Tempo estimado de leitura\" \/>\n\t<meta name=\"twitter:data2\" content=\"4 minutos\" \/>\n<script type=\"application\/ld+json\" class=\"yoast-schema-graph\">{\"@context\":\"https:\/\/schema.org\",\"@graph\":[{\"@type\":\"Article\",\"@id\":\"https:\/\/aevaledeste.pt\/site\/pedal-magico-descobre-o-natal-em-barcelos\/#article\",\"isPartOf\":{\"@id\":\"https:\/\/aevaledeste.pt\/site\/pedal-magico-descobre-o-natal-em-barcelos\/\"},\"author\":{\"name\":\"Agrupamento de Escolas De Vale D'Este\",\"@id\":\"https:\/\/aevaledeste.pt\/site\/#\/schema\/person\/7aedd04578439e4ebc023ee04390ddd5\"},\"headline\":\"\u201cPedal M\u00e1gico descobre o Natal em Barcelos\u201d\",\"datePublished\":\"2025-12-16T15:21:38+00:00\",\"dateModified\":\"2025-12-17T17:22:06+00:00\",\"mainEntityOfPage\":{\"@id\":\"https:\/\/aevaledeste.pt\/site\/pedal-magico-descobre-o-natal-em-barcelos\/\"},\"wordCount\":351,\"publisher\":{\"@id\":\"https:\/\/aevaledeste.pt\/site\/#organization\"},\"image\":{\"@id\":\"https:\/\/aevaledeste.pt\/site\/pedal-magico-descobre-o-natal-em-barcelos\/#primaryimage\"},\"thumbnailUrl\":\"https:\/\/aevaledeste.pt\/site\/wp-content\/uploads\/2025\/12\/pedalar.png\",\"articleSection\":[\"Noticias\"],\"inLanguage\":\"pt-PT\"},{\"@type\":\"WebPage\",\"@id\":\"https:\/\/aevaledeste.pt\/site\/pedal-magico-descobre-o-natal-em-barcelos\/\",\"url\":\"https:\/\/aevaledeste.pt\/site\/pedal-magico-descobre-o-natal-em-barcelos\/\",\"name\":\"\u201cPedal M\u00e1gico descobre o Natal em Barcelos\u201d - Agrupamento de Escolas de Vale D&#039;Este\",\"isPartOf\":{\"@id\":\"https:\/\/aevaledeste.pt\/site\/#website\"},\"primaryImageOfPage\":{\"@id\":\"https:\/\/aevaledeste.pt\/site\/pedal-magico-descobre-o-natal-em-barcelos\/#primaryimage\"},\"image\":{\"@id\":\"https:\/\/aevaledeste.pt\/site\/pedal-magico-descobre-o-natal-em-barcelos\/#primaryimage\"},\"thumbnailUrl\":\"https:\/\/aevaledeste.pt\/site\/wp-content\/uploads\/2025\/12\/pedalar.png\",\"datePublished\":\"2025-12-16T15:21:38+00:00\",\"dateModified\":\"2025-12-17T17:22:06+00:00\",\"breadcrumb\":{\"@id\":\"https:\/\/aevaledeste.pt\/site\/pedal-magico-descobre-o-natal-em-barcelos\/#breadcrumb\"},\"inLanguage\":\"pt-PT\",\"potentialAction\":[{\"@type\":\"ReadAction\",\"target\":[\"https:\/\/aevaledeste.pt\/site\/pedal-magico-descobre-o-natal-em-barcelos\/\"]}]},{\"@type\":\"ImageObject\",\"inLanguage\":\"pt-PT\",\"@id\":\"https:\/\/aevaledeste.pt\/site\/pedal-magico-descobre-o-natal-em-barcelos\/#primaryimage\",\"url\":\"https:\/\/aevaledeste.pt\/site\/wp-content\/uploads\/2025\/12\/pedalar.png\",\"contentUrl\":\"https:\/\/aevaledeste.pt\/site\/wp-content\/uploads\/2025\/12\/pedalar.png\",\"width\":600,\"height\":350},{\"@type\":\"BreadcrumbList\",\"@id\":\"https:\/\/aevaledeste.pt\/site\/pedal-magico-descobre-o-natal-em-barcelos\/#breadcrumb\",\"itemListElement\":[{\"@type\":\"ListItem\",\"position\":1,\"name\":\"In\u00edcio\",\"item\":\"https:\/\/aevaledeste.pt\/site\/\"},{\"@type\":\"ListItem\",\"position\":2,\"name\":\"\u201cPedal M\u00e1gico descobre o Natal em Barcelos\u201d\"}]},{\"@type\":\"WebSite\",\"@id\":\"https:\/\/aevaledeste.pt\/site\/#website\",\"url\":\"https:\/\/aevaledeste.pt\/site\/\",\"name\":\"Agrupamento de Escolas de Vale D&#039;Este\",\"description\":\"Faz a tua escolha!\",\"publisher\":{\"@id\":\"https:\/\/aevaledeste.pt\/site\/#organization\"},\"potentialAction\":[{\"@type\":\"SearchAction\",\"target\":{\"@type\":\"EntryPoint\",\"urlTemplate\":\"https:\/\/aevaledeste.pt\/site\/?s={search_term_string}\"},\"query-input\":{\"@type\":\"PropertyValueSpecification\",\"valueRequired\":true,\"valueName\":\"search_term_string\"}}],\"inLanguage\":\"pt-PT\"},{\"@type\":\"Organization\",\"@id\":\"https:\/\/aevaledeste.pt\/site\/#organization\",\"name\":\"Agrupamento de Escolas de Vale D&#039;Este\",\"url\":\"https:\/\/aevaledeste.pt\/site\/\",\"logo\":{\"@type\":\"ImageObject\",\"inLanguage\":\"pt-PT\",\"@id\":\"https:\/\/aevaledeste.pt\/site\/#\/schema\/logo\/image\/\",\"url\":\"https:\/\/aevaledeste.pt\/site\/wp-content\/uploads\/2022\/09\/1-e1664446422139.png\",\"contentUrl\":\"https:\/\/aevaledeste.pt\/site\/wp-content\/uploads\/2022\/09\/1-e1664446422139.png\",\"width\":600,\"height\":78,\"caption\":\"Agrupamento de Escolas de Vale D&#039;Este\"},\"image\":{\"@id\":\"https:\/\/aevaledeste.pt\/site\/#\/schema\/logo\/image\/\"}},{\"@type\":\"Person\",\"@id\":\"https:\/\/aevaledeste.pt\/site\/#\/schema\/person\/7aedd04578439e4ebc023ee04390ddd5\",\"name\":\"Agrupamento de Escolas De Vale D'Este\",\"image\":{\"@type\":\"ImageObject\",\"inLanguage\":\"pt-PT\",\"@id\":\"https:\/\/aevaledeste.pt\/site\/#\/schema\/person\/image\/\",\"url\":\"https:\/\/secure.gravatar.com\/avatar\/17cc01e9d7154b6e3eb494fe0786922a12c603458f3d4d50e11698f8b9953d74?s=96&d=mm&r=g\",\"contentUrl\":\"https:\/\/secure.gravatar.com\/avatar\/17cc01e9d7154b6e3eb494fe0786922a12c603458f3d4d50e11698f8b9953d74?s=96&d=mm&r=g\",\"caption\":\"Agrupamento de Escolas De Vale D'Este\"},\"url\":\"https:\/\/aevaledeste.pt\/site\/author\/aeve\/\"}]}<\/script>\n<!-- \/ Yoast SEO plugin. -->","yoast_head_json":{"title":"\u201cPedal M\u00e1gico descobre o Natal em Barcelos\u201d - Agrupamento de Escolas de Vale D&#039;Este","robots":{"index":"index","follow":"follow","max-snippet":"max-snippet:-1","max-image-preview":"max-image-preview:large","max-video-preview":"max-video-preview:-1"},"canonical":"https:\/\/aevaledeste.pt\/site\/pedal-magico-descobre-o-natal-em-barcelos\/","og_locale":"pt_PT","og_type":"article","og_title":"\u201cPedal M\u00e1gico descobre o Natal em Barcelos\u201d - Agrupamento de Escolas de Vale D&#039;Este","og_description":"Mesmo com o tempo chuvoso que se fez sentir, as crian\u00e7as do Jardim de Inf\u00e2ncia de Rio Covo viveram um dia especial, cheio de alegria, descoberta e esp\u00edrito natal\u00edcio. No \u00e2mbito do projeto \u201cPedal M\u00e1gico\u201d, no dia 15 de dezembro, o grupo deslocou-se a Barcelos&nbsp;&hellip;","og_url":"https:\/\/aevaledeste.pt\/site\/pedal-magico-descobre-o-natal-em-barcelos\/","og_site_name":"Agrupamento de Escolas de Vale D&#039;Este","article_published_time":"2025-12-16T15:21:38+00:00","article_modified_time":"2025-12-17T17:22:06+00:00","og_image":[{"width":600,"height":350,"url":"https:\/\/aevaledeste.pt\/site\/wp-content\/uploads\/2025\/12\/pedalar.png","type":"image\/png"}],"author":"Agrupamento de Escolas De Vale D'Este","twitter_card":"summary_large_image","twitter_misc":{"Escrito por":"Agrupamento de Escolas De Vale D'Este","Tempo estimado de leitura":"4 minutos"},"schema":{"@context":"https:\/\/schema.org","@graph":[{"@type":"Article","@id":"https:\/\/aevaledeste.pt\/site\/pedal-magico-descobre-o-natal-em-barcelos\/#article","isPartOf":{"@id":"https:\/\/aevaledeste.pt\/site\/pedal-magico-descobre-o-natal-em-barcelos\/"},"author":{"name":"Agrupamento de Escolas De Vale D'Este","@id":"https:\/\/aevaledeste.pt\/site\/#\/schema\/person\/7aedd04578439e4ebc023ee04390ddd5"},"headline":"\u201cPedal M\u00e1gico descobre o Natal em Barcelos\u201d","datePublished":"2025-12-16T15:21:38+00:00","dateModified":"2025-12-17T17:22:06+00:00","mainEntityOfPage":{"@id":"https:\/\/aevaledeste.pt\/site\/pedal-magico-descobre-o-natal-em-barcelos\/"},"wordCount":351,"publisher":{"@id":"https:\/\/aevaledeste.pt\/site\/#organization"},"image":{"@id":"https:\/\/aevaledeste.pt\/site\/pedal-magico-descobre-o-natal-em-barcelos\/#primaryimage"},"thumbnailUrl":"https:\/\/aevaledeste.pt\/site\/wp-content\/uploads\/2025\/12\/pedalar.png","articleSection":["Noticias"],"inLanguage":"pt-PT"},{"@type":"WebPage","@id":"https:\/\/aevaledeste.pt\/site\/pedal-magico-descobre-o-natal-em-barcelos\/","url":"https:\/\/aevaledeste.pt\/site\/pedal-magico-descobre-o-natal-em-barcelos\/","name":"\u201cPedal M\u00e1gico descobre o Natal em Barcelos\u201d - Agrupamento de Escolas de Vale D&#039;Este","isPartOf":{"@id":"https:\/\/aevaledeste.pt\/site\/#website"},"primaryImageOfPage":{"@id":"https:\/\/aevaledeste.pt\/site\/pedal-magico-descobre-o-natal-em-barcelos\/#primaryimage"},"image":{"@id":"https:\/\/aevaledeste.pt\/site\/pedal-magico-descobre-o-natal-em-barcelos\/#primaryimage"},"thumbnailUrl":"https:\/\/aevaledeste.pt\/site\/wp-content\/uploads\/2025\/12\/pedalar.png","datePublished":"2025-12-16T15:21:38+00:00","dateModified":"2025-12-17T17:22:06+00:00","breadcrumb":{"@id":"https:\/\/aevaledeste.pt\/site\/pedal-magico-descobre-o-natal-em-barcelos\/#breadcrumb"},"inLanguage":"pt-PT","potentialAction":[{"@type":"ReadAction","target":["https:\/\/aevaledeste.pt\/site\/pedal-magico-descobre-o-natal-em-barcelos\/"]}]},{"@type":"ImageObject","inLanguage":"pt-PT","@id":"https:\/\/aevaledeste.pt\/site\/pedal-magico-descobre-o-natal-em-barcelos\/#primaryimage","url":"https:\/\/aevaledeste.pt\/site\/wp-content\/uploads\/2025\/12\/pedalar.png","contentUrl":"https:\/\/aevaledeste.pt\/site\/wp-content\/uploads\/2025\/12\/pedalar.png","width":600,"height":350},{"@type":"BreadcrumbList","@id":"https:\/\/aevaledeste.pt\/site\/pedal-magico-descobre-o-natal-em-barcelos\/#breadcrumb","itemListElement":[{"@type":"ListItem","position":1,"name":"In\u00edcio","item":"https:\/\/aevaledeste.pt\/site\/"},{"@type":"ListItem","position":2,"name":"\u201cPedal M\u00e1gico descobre o Natal em Barcelos\u201d"}]},{"@type":"WebSite","@id":"https:\/\/aevaledeste.pt\/site\/#website","url":"https:\/\/aevaledeste.pt\/site\/","name":"Agrupamento de Escolas de Vale D&#039;Este","description":"Faz a tua escolha!","publisher":{"@id":"https:\/\/aevaledeste.pt\/site\/#organization"},"potentialAction":[{"@type":"SearchAction","target":{"@type":"EntryPoint","urlTemplate":"https:\/\/aevaledeste.pt\/site\/?s={search_term_string}"},"query-input":{"@type":"PropertyValueSpecification","valueRequired":true,"valueName":"search_term_string"}}],"inLanguage":"pt-PT"},{"@type":"Organization","@id":"https:\/\/aevaledeste.pt\/site\/#organization","name":"Agrupamento de Escolas de Vale D&#039;Este","url":"https:\/\/aevaledeste.pt\/site\/","logo":{"@type":"ImageObject","inLanguage":"pt-PT","@id":"https:\/\/aevaledeste.pt\/site\/#\/schema\/logo\/image\/","url":"https:\/\/aevaledeste.pt\/site\/wp-content\/uploads\/2022\/09\/1-e1664446422139.png","contentUrl":"https:\/\/aevaledeste.pt\/site\/wp-content\/uploads\/2022\/09\/1-e1664446422139.png","width":600,"height":78,"caption":"Agrupamento de Escolas de Vale D&#039;Este"},"image":{"@id":"https:\/\/aevaledeste.pt\/site\/#\/schema\/logo\/image\/"}},{"@type":"Person","@id":"https:\/\/aevaledeste.pt\/site\/#\/schema\/person\/7aedd04578439e4ebc023ee04390ddd5","name":"Agrupamento de Escolas De Vale D'Este","image":{"@type":"ImageObject","inLanguage":"pt-PT","@id":"https:\/\/aevaledeste.pt\/site\/#\/schema\/person\/image\/","url":"https:\/\/secure.gravatar.com\/avatar\/17cc01e9d7154b6e3eb494fe0786922a12c603458f3d4d50e11698f8b9953d74?s=96&d=mm&r=g","contentUrl":"https:\/\/secure.gravatar.com\/avatar\/17cc01e9d7154b6e3eb494fe0786922a12c603458f3d4d50e11698f8b9953d74?s=96&d=mm&r=g","caption":"Agrupamento de Escolas De Vale D'Este"},"url":"https:\/\/aevaledeste.pt\/site\/author\/aeve\/"}]}},"_links":{"self":[{"href":"https:\/\/aevaledeste.pt\/site\/wp-json\/wp\/v2\/posts\/9117","targetHints":{"allow":["GET"]}}],"collection":[{"href":"https:\/\/aevaledeste.pt\/site\/wp-json\/wp\/v2\/posts"}],"about":[{"href":"https:\/\/aevaledeste.pt\/site\/wp-json\/wp\/v2\/types\/post"}],"author":[{"embeddable":true,"href":"https:\/\/aevaledeste.pt\/site\/wp-json\/wp\/v2\/users\/5"}],"replies":[{"embeddable":true,"href":"https:\/\/aevaledeste.pt\/site\/wp-json\/wp\/v2\/comments?post=9117"}],"version-history":[{"count":8,"href":"https:\/\/aevaledeste.pt\/site\/wp-json\/wp\/v2\/posts\/9117\/revisions"}],"predecessor-version":[{"id":9137,"href":"https:\/\/aevaledeste.pt\/site\/wp-json\/wp\/v2\/posts\/9117\/revisions\/9137"}],"wp:featuredmedia":[{"embeddable":true,"href":"https:\/\/aevaledeste.pt\/site\/wp-json\/wp\/v2\/media\/9118"}],"wp:attachment":[{"href":"https:\/\/aevaledeste.pt\/site\/wp-json\/wp\/v2\/media?parent=9117"}],"wp:term":[{"taxonomy":"category","embeddable":true,"href":"https:\/\/aevaledeste.pt\/site\/wp-json\/wp\/v2\/categories?post=9117"},{"taxonomy":"post_tag","embeddable":true,"href":"https:\/\/aevaledeste.pt\/site\/wp-json\/wp\/v2\/tags?post=9117"}],"curies":[{"name":"wp","href":"https:\/\/api.w.org\/{rel}","templated":true}]}}