{"id":7969,"date":"2025-10-01T11:59:24","date_gmt":"2025-10-01T11:59:24","guid":{"rendered":"https:\/\/aevaledeste.pt\/site\/?p=7969"},"modified":"2025-10-01T12:02:07","modified_gmt":"2025-10-01T12:02:07","slug":"visita-da-aguas-de-barcelos-a-eb-de-viatodos","status":"publish","type":"post","link":"https:\/\/aevaledeste.pt\/site\/visita-da-aguas-de-barcelos-a-eb-de-viatodos\/","title":{"rendered":"Visita da \u00c1guas de Barcelos \u00e0 EB de Viatodos"},"content":{"rendered":"\t\t<div data-elementor-type=\"wp-post\" data-elementor-id=\"7969\" class=\"elementor elementor-7969\">\n\t\t\t\t\t\t<section class=\"elementor-section elementor-top-section elementor-element elementor-element-7974d34 elementor-section-boxed elementor-section-height-default elementor-section-height-default\" data-id=\"7974d34\" data-element_type=\"section\">\n\t\t\t\t\t\t<div class=\"elementor-container elementor-column-gap-default\">\n\t\t\t\t\t<div class=\"elementor-column elementor-col-100 elementor-top-column elementor-element elementor-element-c1d6197\" data-id=\"c1d6197\" data-element_type=\"column\">\n\t\t\t<div class=\"elementor-widget-wrap elementor-element-populated\">\n\t\t\t\t\t\t<div class=\"elementor-element elementor-element-2ce1134 elementor-widget elementor-widget-text-editor\" data-id=\"2ce1134\" data-element_type=\"widget\" data-widget_type=\"text-editor.default\">\n\t\t\t\t<div class=\"elementor-widget-container\">\n\t\t\t\t\t\t\t<p>Estabelecimento de Ensino: EB de Viatodos<\/p><p>Ano de escolaridade: 4.\u00ba ano (40 alunos)<\/p><p>Atividade:\u00a0Visita da \u00c1guas de Barcelos \u00e0 EB de Viatodos<\/p><p>Data: 29\/09\/2025\u00a0<\/p><p>\u00a0<\/p><p>Hoje\u00a0recebemos na nossa escola a visita da \u00c1guas de Barcelos, que veio partilhar connosco a import\u00e2ncia da \u00e1gua e do seu uso respons\u00e1vel. Atrav\u00e9s de uma apresenta\u00e7\u00e3o din\u00e2mica e educativa, fic\u00e1mos a conhecer melhor todo o percurso que a \u00e1gua faz at\u00e9 chegar \u00e0s nossas casas e tamb\u00e9m o caminho que percorre depois de ser utilizada.<\/p><p>Durante a sess\u00e3o, aprendemos sobre o ciclo da \u00e1gua e os processos de filtra\u00e7\u00e3o e decanta\u00e7\u00e3o da \u00e1gua. Foram apresentados exemplos pr\u00e1ticos e curiosidades que nos ajudaram a perceber como a \u00e1gua \u00e9 um recurso precioso e indispens\u00e1vel para a vida.<\/p><p>Al\u00e9m disso, refletimos sobre a necessidade de poupar \u00e1gua no dia a dia, adotando pequenos gestos que fazem a diferen\u00e7a, como fechar a torneira enquanto escovamos os dentes ou evitar desperd\u00edcios desnecess\u00e1rios.<\/p><p>A visita foi muito enriquecedora e despertou em todos n\u00f3s uma maior consci\u00eancia ambiental, lembrando-nos que a preserva\u00e7\u00e3o da \u00e1gua \u00e9 responsabilidade de todos.<\/p><p>\u00a0<\/p>\t\t\t\t\t\t<\/div>\n\t\t\t\t<\/div>\n\t\t\t\t<div class=\"elementor-element elementor-element-370ce2a elementor-arrows-position-inside elementor-pagination-position-outside elementor-widget elementor-widget-image-carousel\" data-id=\"370ce2a\" data-element_type=\"widget\" data-settings=\"{&quot;navigation&quot;:&quot;both&quot;,&quot;autoplay&quot;:&quot;yes&quot;,&quot;pause_on_hover&quot;:&quot;yes&quot;,&quot;pause_on_interaction&quot;:&quot;yes&quot;,&quot;autoplay_speed&quot;:5000,&quot;infinite&quot;:&quot;yes&quot;,&quot;speed&quot;:500}\" data-widget_type=\"image-carousel.default\">\n\t\t\t\t<div class=\"elementor-widget-container\">\n\t\t\t\t\t<div class=\"elementor-image-carousel-wrapper swiper\" dir=\"ltr\">\n\t\t\t<div class=\"elementor-image-carousel swiper-wrapper\" aria-live=\"off\">\n\t\t\t\t\t\t\t\t<div class=\"swiper-slide\" role=\"group\" aria-roledescription=\"slide\" aria-label=\"1 of 4\"><figure class=\"swiper-slide-inner\"><img decoding=\"async\" class=\"swiper-slide-image\" src=\"https:\/\/aevaledeste.pt\/site\/wp-content\/uploads\/2025\/10\/WhatsApp-Image-2025-09-30-at-12.28.36-2-300x225.jpeg\" alt=\"WhatsApp Image 2025-09-30 at 12.28.36 (2)\" \/><\/figure><\/div><div class=\"swiper-slide\" role=\"group\" aria-roledescription=\"slide\" aria-label=\"2 of 4\"><figure class=\"swiper-slide-inner\"><img decoding=\"async\" class=\"swiper-slide-image\" src=\"https:\/\/aevaledeste.pt\/site\/wp-content\/uploads\/2025\/10\/WhatsApp-Image-2025-09-30-at-15.01.54-226x300.jpeg\" alt=\"WhatsApp Image 2025-09-30 at 15.01.54\" \/><\/figure><\/div><div class=\"swiper-slide\" role=\"group\" aria-roledescription=\"slide\" aria-label=\"3 of 4\"><figure class=\"swiper-slide-inner\"><img decoding=\"async\" class=\"swiper-slide-image\" src=\"https:\/\/aevaledeste.pt\/site\/wp-content\/uploads\/2025\/10\/WhatsApp-Image-2025-09-30-at-12.28.32-1-300x225.jpeg\" alt=\"WhatsApp Image 2025-09-30 at 12.28.32 (1)\" \/><\/figure><\/div><div class=\"swiper-slide\" role=\"group\" aria-roledescription=\"slide\" aria-label=\"4 of 4\"><figure class=\"swiper-slide-inner\"><img decoding=\"async\" class=\"swiper-slide-image\" src=\"https:\/\/aevaledeste.pt\/site\/wp-content\/uploads\/2025\/10\/WhatsApp-Image-2025-09-30-at-12.28.36-1-300x225.jpeg\" alt=\"WhatsApp Image 2025-09-30 at 12.28.36 (1)\" \/><\/figure><\/div>\t\t\t<\/div>\n\t\t\t\t\t\t\t\t\t\t\t\t<div class=\"elementor-swiper-button elementor-swiper-button-prev\" role=\"button\" tabindex=\"0\">\n\t\t\t\t\t\t<i aria-hidden=\"true\" class=\"eicon-chevron-left\"><\/i>\t\t\t\t\t<\/div>\n\t\t\t\t\t<div class=\"elementor-swiper-button elementor-swiper-button-next\" role=\"button\" tabindex=\"0\">\n\t\t\t\t\t\t<i aria-hidden=\"true\" class=\"eicon-chevron-right\"><\/i>\t\t\t\t\t<\/div>\n\t\t\t\t\n\t\t\t\t\t\t\t\t\t<div class=\"swiper-pagination\"><\/div>\n\t\t\t\t\t\t\t\t\t<\/div>\n\t\t\t\t<\/div>\n\t\t\t\t<\/div>\n\t\t\t\t\t<\/div>\n\t\t<\/div>\n\t\t\t\t\t<\/div>\n\t\t<\/section>\n\t\t\t\t<\/div>\n\t\t","protected":false},"excerpt":{"rendered":"<p>Estabelecimento de Ensino: EB de Viatodos Ano de escolaridade: 4.\u00ba ano (40 alunos) Atividade:\u00a0Visita da \u00c1guas de Barcelos \u00e0 EB de Viatodos Data: 29\/09\/2025\u00a0 \u00a0 Hoje\u00a0recebemos na nossa escola a visita da \u00c1guas de Barcelos, que veio partilhar connosco a import\u00e2ncia da \u00e1gua e do&nbsp;<a href=\"https:\/\/aevaledeste.pt\/site\/visita-da-aguas-de-barcelos-a-eb-de-viatodos\/\">&hellip;<\/a><\/p>\n","protected":false},"author":5,"featured_media":7970,"comment_status":"closed","ping_status":"closed","sticky":false,"template":"","format":"standard","meta":{"footnotes":""},"categories":[1],"tags":[],"class_list":["post-7969","post","type-post","status-publish","format-standard","has-post-thumbnail","hentry","category-noticias","odd"],"yoast_head":"<!-- This site is optimized with the Yoast SEO plugin v23.7 - https:\/\/yoast.com\/wordpress\/plugins\/seo\/ -->\n<title>Visita da \u00c1guas de Barcelos \u00e0 EB de Viatodos - Agrupamento de Escolas de Vale D&#039;Este<\/title>\n<meta name=\"robots\" content=\"index, follow, max-snippet:-1, max-image-preview:large, max-video-preview:-1\" \/>\n<link rel=\"canonical\" href=\"https:\/\/aevaledeste.pt\/site\/visita-da-aguas-de-barcelos-a-eb-de-viatodos\/\" \/>\n<meta property=\"og:locale\" content=\"pt_PT\" \/>\n<meta property=\"og:type\" content=\"article\" \/>\n<meta property=\"og:title\" content=\"Visita da \u00c1guas de Barcelos \u00e0 EB de Viatodos - Agrupamento de Escolas de Vale D&#039;Este\" \/>\n<meta property=\"og:description\" content=\"Estabelecimento de Ensino: EB de Viatodos Ano de escolaridade: 4.\u00ba ano (40 alunos) Atividade:\u00a0Visita da \u00c1guas de Barcelos \u00e0 EB de Viatodos Data: 29\/09\/2025\u00a0 \u00a0 Hoje\u00a0recebemos na nossa escola a visita da \u00c1guas de Barcelos, que veio partilhar connosco a import\u00e2ncia da \u00e1gua e do&nbsp;&hellip;\" \/>\n<meta property=\"og:url\" content=\"https:\/\/aevaledeste.pt\/site\/visita-da-aguas-de-barcelos-a-eb-de-viatodos\/\" \/>\n<meta property=\"og:site_name\" content=\"Agrupamento de Escolas de Vale D&#039;Este\" \/>\n<meta property=\"article:published_time\" content=\"2025-10-01T11:59:24+00:00\" \/>\n<meta property=\"article:modified_time\" content=\"2025-10-01T12:02:07+00:00\" \/>\n<meta property=\"og:image\" content=\"https:\/\/aevaledeste.pt\/site\/wp-content\/uploads\/2025\/10\/aguas.png\" \/>\n\t<meta property=\"og:image:width\" content=\"600\" \/>\n\t<meta property=\"og:image:height\" content=\"350\" \/>\n\t<meta property=\"og:image:type\" content=\"image\/png\" \/>\n<meta name=\"author\" content=\"Agrupamento de Escolas De Vale D&#039;Este\" \/>\n<meta name=\"twitter:card\" content=\"summary_large_image\" \/>\n<meta name=\"twitter:label1\" content=\"Escrito por\" \/>\n\t<meta name=\"twitter:data1\" content=\"Agrupamento de Escolas De Vale D&#039;Este\" \/>\n\t<meta name=\"twitter:label2\" content=\"Tempo estimado de leitura\" \/>\n\t<meta name=\"twitter:data2\" content=\"3 minutos\" \/>\n<script type=\"application\/ld+json\" class=\"yoast-schema-graph\">{\"@context\":\"https:\/\/schema.org\",\"@graph\":[{\"@type\":\"Article\",\"@id\":\"https:\/\/aevaledeste.pt\/site\/visita-da-aguas-de-barcelos-a-eb-de-viatodos\/#article\",\"isPartOf\":{\"@id\":\"https:\/\/aevaledeste.pt\/site\/visita-da-aguas-de-barcelos-a-eb-de-viatodos\/\"},\"author\":{\"name\":\"Agrupamento de Escolas De Vale D'Este\",\"@id\":\"https:\/\/aevaledeste.pt\/site\/#\/schema\/person\/7aedd04578439e4ebc023ee04390ddd5\"},\"headline\":\"Visita da \u00c1guas de Barcelos \u00e0 EB de Viatodos\",\"datePublished\":\"2025-10-01T11:59:24+00:00\",\"dateModified\":\"2025-10-01T12:02:07+00:00\",\"mainEntityOfPage\":{\"@id\":\"https:\/\/aevaledeste.pt\/site\/visita-da-aguas-de-barcelos-a-eb-de-viatodos\/\"},\"wordCount\":200,\"publisher\":{\"@id\":\"https:\/\/aevaledeste.pt\/site\/#organization\"},\"image\":{\"@id\":\"https:\/\/aevaledeste.pt\/site\/visita-da-aguas-de-barcelos-a-eb-de-viatodos\/#primaryimage\"},\"thumbnailUrl\":\"https:\/\/aevaledeste.pt\/site\/wp-content\/uploads\/2025\/10\/aguas.png\",\"articleSection\":[\"Noticias\"],\"inLanguage\":\"pt-PT\"},{\"@type\":\"WebPage\",\"@id\":\"https:\/\/aevaledeste.pt\/site\/visita-da-aguas-de-barcelos-a-eb-de-viatodos\/\",\"url\":\"https:\/\/aevaledeste.pt\/site\/visita-da-aguas-de-barcelos-a-eb-de-viatodos\/\",\"name\":\"Visita da \u00c1guas de Barcelos \u00e0 EB de Viatodos - Agrupamento de Escolas de Vale D&#039;Este\",\"isPartOf\":{\"@id\":\"https:\/\/aevaledeste.pt\/site\/#website\"},\"primaryImageOfPage\":{\"@id\":\"https:\/\/aevaledeste.pt\/site\/visita-da-aguas-de-barcelos-a-eb-de-viatodos\/#primaryimage\"},\"image\":{\"@id\":\"https:\/\/aevaledeste.pt\/site\/visita-da-aguas-de-barcelos-a-eb-de-viatodos\/#primaryimage\"},\"thumbnailUrl\":\"https:\/\/aevaledeste.pt\/site\/wp-content\/uploads\/2025\/10\/aguas.png\",\"datePublished\":\"2025-10-01T11:59:24+00:00\",\"dateModified\":\"2025-10-01T12:02:07+00:00\",\"breadcrumb\":{\"@id\":\"https:\/\/aevaledeste.pt\/site\/visita-da-aguas-de-barcelos-a-eb-de-viatodos\/#breadcrumb\"},\"inLanguage\":\"pt-PT\",\"potentialAction\":[{\"@type\":\"ReadAction\",\"target\":[\"https:\/\/aevaledeste.pt\/site\/visita-da-aguas-de-barcelos-a-eb-de-viatodos\/\"]}]},{\"@type\":\"ImageObject\",\"inLanguage\":\"pt-PT\",\"@id\":\"https:\/\/aevaledeste.pt\/site\/visita-da-aguas-de-barcelos-a-eb-de-viatodos\/#primaryimage\",\"url\":\"https:\/\/aevaledeste.pt\/site\/wp-content\/uploads\/2025\/10\/aguas.png\",\"contentUrl\":\"https:\/\/aevaledeste.pt\/site\/wp-content\/uploads\/2025\/10\/aguas.png\",\"width\":600,\"height\":350},{\"@type\":\"BreadcrumbList\",\"@id\":\"https:\/\/aevaledeste.pt\/site\/visita-da-aguas-de-barcelos-a-eb-de-viatodos\/#breadcrumb\",\"itemListElement\":[{\"@type\":\"ListItem\",\"position\":1,\"name\":\"In\u00edcio\",\"item\":\"https:\/\/aevaledeste.pt\/site\/\"},{\"@type\":\"ListItem\",\"position\":2,\"name\":\"Visita da \u00c1guas de Barcelos \u00e0 EB de Viatodos\"}]},{\"@type\":\"WebSite\",\"@id\":\"https:\/\/aevaledeste.pt\/site\/#website\",\"url\":\"https:\/\/aevaledeste.pt\/site\/\",\"name\":\"Agrupamento de Escolas de Vale D&#039;Este\",\"description\":\"Faz a tua escolha!\",\"publisher\":{\"@id\":\"https:\/\/aevaledeste.pt\/site\/#organization\"},\"potentialAction\":[{\"@type\":\"SearchAction\",\"target\":{\"@type\":\"EntryPoint\",\"urlTemplate\":\"https:\/\/aevaledeste.pt\/site\/?s={search_term_string}\"},\"query-input\":{\"@type\":\"PropertyValueSpecification\",\"valueRequired\":true,\"valueName\":\"search_term_string\"}}],\"inLanguage\":\"pt-PT\"},{\"@type\":\"Organization\",\"@id\":\"https:\/\/aevaledeste.pt\/site\/#organization\",\"name\":\"Agrupamento de Escolas de Vale D&#039;Este\",\"url\":\"https:\/\/aevaledeste.pt\/site\/\",\"logo\":{\"@type\":\"ImageObject\",\"inLanguage\":\"pt-PT\",\"@id\":\"https:\/\/aevaledeste.pt\/site\/#\/schema\/logo\/image\/\",\"url\":\"https:\/\/aevaledeste.pt\/site\/wp-content\/uploads\/2022\/09\/1-e1664446422139.png\",\"contentUrl\":\"https:\/\/aevaledeste.pt\/site\/wp-content\/uploads\/2022\/09\/1-e1664446422139.png\",\"width\":600,\"height\":78,\"caption\":\"Agrupamento de Escolas de Vale D&#039;Este\"},\"image\":{\"@id\":\"https:\/\/aevaledeste.pt\/site\/#\/schema\/logo\/image\/\"}},{\"@type\":\"Person\",\"@id\":\"https:\/\/aevaledeste.pt\/site\/#\/schema\/person\/7aedd04578439e4ebc023ee04390ddd5\",\"name\":\"Agrupamento de Escolas De Vale D'Este\",\"image\":{\"@type\":\"ImageObject\",\"inLanguage\":\"pt-PT\",\"@id\":\"https:\/\/aevaledeste.pt\/site\/#\/schema\/person\/image\/\",\"url\":\"https:\/\/secure.gravatar.com\/avatar\/17cc01e9d7154b6e3eb494fe0786922a12c603458f3d4d50e11698f8b9953d74?s=96&d=mm&r=g\",\"contentUrl\":\"https:\/\/secure.gravatar.com\/avatar\/17cc01e9d7154b6e3eb494fe0786922a12c603458f3d4d50e11698f8b9953d74?s=96&d=mm&r=g\",\"caption\":\"Agrupamento de Escolas De Vale D'Este\"},\"url\":\"https:\/\/aevaledeste.pt\/site\/author\/aeve\/\"}]}<\/script>\n<!-- \/ Yoast SEO plugin. -->","yoast_head_json":{"title":"Visita da \u00c1guas de Barcelos \u00e0 EB de Viatodos - Agrupamento de Escolas de Vale D&#039;Este","robots":{"index":"index","follow":"follow","max-snippet":"max-snippet:-1","max-image-preview":"max-image-preview:large","max-video-preview":"max-video-preview:-1"},"canonical":"https:\/\/aevaledeste.pt\/site\/visita-da-aguas-de-barcelos-a-eb-de-viatodos\/","og_locale":"pt_PT","og_type":"article","og_title":"Visita da \u00c1guas de Barcelos \u00e0 EB de Viatodos - Agrupamento de Escolas de Vale D&#039;Este","og_description":"Estabelecimento de Ensino: EB de Viatodos Ano de escolaridade: 4.\u00ba ano (40 alunos) Atividade:\u00a0Visita da \u00c1guas de Barcelos \u00e0 EB de Viatodos Data: 29\/09\/2025\u00a0 \u00a0 Hoje\u00a0recebemos na nossa escola a visita da \u00c1guas de Barcelos, que veio partilhar connosco a import\u00e2ncia da \u00e1gua e do&nbsp;&hellip;","og_url":"https:\/\/aevaledeste.pt\/site\/visita-da-aguas-de-barcelos-a-eb-de-viatodos\/","og_site_name":"Agrupamento de Escolas de Vale D&#039;Este","article_published_time":"2025-10-01T11:59:24+00:00","article_modified_time":"2025-10-01T12:02:07+00:00","og_image":[{"width":600,"height":350,"url":"https:\/\/aevaledeste.pt\/site\/wp-content\/uploads\/2025\/10\/aguas.png","type":"image\/png"}],"author":"Agrupamento de Escolas De Vale D'Este","twitter_card":"summary_large_image","twitter_misc":{"Escrito por":"Agrupamento de Escolas De Vale D'Este","Tempo estimado de leitura":"3 minutos"},"schema":{"@context":"https:\/\/schema.org","@graph":[{"@type":"Article","@id":"https:\/\/aevaledeste.pt\/site\/visita-da-aguas-de-barcelos-a-eb-de-viatodos\/#article","isPartOf":{"@id":"https:\/\/aevaledeste.pt\/site\/visita-da-aguas-de-barcelos-a-eb-de-viatodos\/"},"author":{"name":"Agrupamento de Escolas De Vale D'Este","@id":"https:\/\/aevaledeste.pt\/site\/#\/schema\/person\/7aedd04578439e4ebc023ee04390ddd5"},"headline":"Visita da \u00c1guas de Barcelos \u00e0 EB de Viatodos","datePublished":"2025-10-01T11:59:24+00:00","dateModified":"2025-10-01T12:02:07+00:00","mainEntityOfPage":{"@id":"https:\/\/aevaledeste.pt\/site\/visita-da-aguas-de-barcelos-a-eb-de-viatodos\/"},"wordCount":200,"publisher":{"@id":"https:\/\/aevaledeste.pt\/site\/#organization"},"image":{"@id":"https:\/\/aevaledeste.pt\/site\/visita-da-aguas-de-barcelos-a-eb-de-viatodos\/#primaryimage"},"thumbnailUrl":"https:\/\/aevaledeste.pt\/site\/wp-content\/uploads\/2025\/10\/aguas.png","articleSection":["Noticias"],"inLanguage":"pt-PT"},{"@type":"WebPage","@id":"https:\/\/aevaledeste.pt\/site\/visita-da-aguas-de-barcelos-a-eb-de-viatodos\/","url":"https:\/\/aevaledeste.pt\/site\/visita-da-aguas-de-barcelos-a-eb-de-viatodos\/","name":"Visita da \u00c1guas de Barcelos \u00e0 EB de Viatodos - Agrupamento de Escolas de Vale D&#039;Este","isPartOf":{"@id":"https:\/\/aevaledeste.pt\/site\/#website"},"primaryImageOfPage":{"@id":"https:\/\/aevaledeste.pt\/site\/visita-da-aguas-de-barcelos-a-eb-de-viatodos\/#primaryimage"},"image":{"@id":"https:\/\/aevaledeste.pt\/site\/visita-da-aguas-de-barcelos-a-eb-de-viatodos\/#primaryimage"},"thumbnailUrl":"https:\/\/aevaledeste.pt\/site\/wp-content\/uploads\/2025\/10\/aguas.png","datePublished":"2025-10-01T11:59:24+00:00","dateModified":"2025-10-01T12:02:07+00:00","breadcrumb":{"@id":"https:\/\/aevaledeste.pt\/site\/visita-da-aguas-de-barcelos-a-eb-de-viatodos\/#breadcrumb"},"inLanguage":"pt-PT","potentialAction":[{"@type":"ReadAction","target":["https:\/\/aevaledeste.pt\/site\/visita-da-aguas-de-barcelos-a-eb-de-viatodos\/"]}]},{"@type":"ImageObject","inLanguage":"pt-PT","@id":"https:\/\/aevaledeste.pt\/site\/visita-da-aguas-de-barcelos-a-eb-de-viatodos\/#primaryimage","url":"https:\/\/aevaledeste.pt\/site\/wp-content\/uploads\/2025\/10\/aguas.png","contentUrl":"https:\/\/aevaledeste.pt\/site\/wp-content\/uploads\/2025\/10\/aguas.png","width":600,"height":350},{"@type":"BreadcrumbList","@id":"https:\/\/aevaledeste.pt\/site\/visita-da-aguas-de-barcelos-a-eb-de-viatodos\/#breadcrumb","itemListElement":[{"@type":"ListItem","position":1,"name":"In\u00edcio","item":"https:\/\/aevaledeste.pt\/site\/"},{"@type":"ListItem","position":2,"name":"Visita da \u00c1guas de Barcelos \u00e0 EB de Viatodos"}]},{"@type":"WebSite","@id":"https:\/\/aevaledeste.pt\/site\/#website","url":"https:\/\/aevaledeste.pt\/site\/","name":"Agrupamento de Escolas de Vale D&#039;Este","description":"Faz a tua escolha!","publisher":{"@id":"https:\/\/aevaledeste.pt\/site\/#organization"},"potentialAction":[{"@type":"SearchAction","target":{"@type":"EntryPoint","urlTemplate":"https:\/\/aevaledeste.pt\/site\/?s={search_term_string}"},"query-input":{"@type":"PropertyValueSpecification","valueRequired":true,"valueName":"search_term_string"}}],"inLanguage":"pt-PT"},{"@type":"Organization","@id":"https:\/\/aevaledeste.pt\/site\/#organization","name":"Agrupamento de Escolas de Vale D&#039;Este","url":"https:\/\/aevaledeste.pt\/site\/","logo":{"@type":"ImageObject","inLanguage":"pt-PT","@id":"https:\/\/aevaledeste.pt\/site\/#\/schema\/logo\/image\/","url":"https:\/\/aevaledeste.pt\/site\/wp-content\/uploads\/2022\/09\/1-e1664446422139.png","contentUrl":"https:\/\/aevaledeste.pt\/site\/wp-content\/uploads\/2022\/09\/1-e1664446422139.png","width":600,"height":78,"caption":"Agrupamento de Escolas de Vale D&#039;Este"},"image":{"@id":"https:\/\/aevaledeste.pt\/site\/#\/schema\/logo\/image\/"}},{"@type":"Person","@id":"https:\/\/aevaledeste.pt\/site\/#\/schema\/person\/7aedd04578439e4ebc023ee04390ddd5","name":"Agrupamento de Escolas De Vale D'Este","image":{"@type":"ImageObject","inLanguage":"pt-PT","@id":"https:\/\/aevaledeste.pt\/site\/#\/schema\/person\/image\/","url":"https:\/\/secure.gravatar.com\/avatar\/17cc01e9d7154b6e3eb494fe0786922a12c603458f3d4d50e11698f8b9953d74?s=96&d=mm&r=g","contentUrl":"https:\/\/secure.gravatar.com\/avatar\/17cc01e9d7154b6e3eb494fe0786922a12c603458f3d4d50e11698f8b9953d74?s=96&d=mm&r=g","caption":"Agrupamento de Escolas De Vale D'Este"},"url":"https:\/\/aevaledeste.pt\/site\/author\/aeve\/"}]}},"_links":{"self":[{"href":"https:\/\/aevaledeste.pt\/site\/wp-json\/wp\/v2\/posts\/7969","targetHints":{"allow":["GET"]}}],"collection":[{"href":"https:\/\/aevaledeste.pt\/site\/wp-json\/wp\/v2\/posts"}],"about":[{"href":"https:\/\/aevaledeste.pt\/site\/wp-json\/wp\/v2\/types\/post"}],"author":[{"embeddable":true,"href":"https:\/\/aevaledeste.pt\/site\/wp-json\/wp\/v2\/users\/5"}],"replies":[{"embeddable":true,"href":"https:\/\/aevaledeste.pt\/site\/wp-json\/wp\/v2\/comments?post=7969"}],"version-history":[{"count":4,"href":"https:\/\/aevaledeste.pt\/site\/wp-json\/wp\/v2\/posts\/7969\/revisions"}],"predecessor-version":[{"id":7978,"href":"https:\/\/aevaledeste.pt\/site\/wp-json\/wp\/v2\/posts\/7969\/revisions\/7978"}],"wp:featuredmedia":[{"embeddable":true,"href":"https:\/\/aevaledeste.pt\/site\/wp-json\/wp\/v2\/media\/7970"}],"wp:attachment":[{"href":"https:\/\/aevaledeste.pt\/site\/wp-json\/wp\/v2\/media?parent=7969"}],"wp:term":[{"taxonomy":"category","embeddable":true,"href":"https:\/\/aevaledeste.pt\/site\/wp-json\/wp\/v2\/categories?post=7969"},{"taxonomy":"post_tag","embeddable":true,"href":"https:\/\/aevaledeste.pt\/site\/wp-json\/wp\/v2\/tags?post=7969"}],"curies":[{"name":"wp","href":"https:\/\/api.w.org\/{rel}","templated":true}]}}