{"id":4300,"date":"2024-02-14T17:21:18","date_gmt":"2024-02-14T17:21:18","guid":{"rendered":"https:\/\/aevaledeste.pt\/site\/?p=4300"},"modified":"2024-02-14T18:37:00","modified_gmt":"2024-02-14T18:37:00","slug":"teatro-na-escola","status":"publish","type":"post","link":"https:\/\/aevaledeste.pt\/site\/teatro-na-escola\/","title":{"rendered":"Teatro na Escola &#8211; EBS Viatodos"},"content":{"rendered":"\t\t<div data-elementor-type=\"wp-post\" data-elementor-id=\"4300\" class=\"elementor elementor-4300\">\n\t\t\t\t\t\t<section class=\"elementor-section elementor-top-section elementor-element elementor-element-bbc1e43 elementor-section-boxed elementor-section-height-default elementor-section-height-default\" data-id=\"bbc1e43\" data-element_type=\"section\">\n\t\t\t\t\t\t<div class=\"elementor-container elementor-column-gap-default\">\n\t\t\t\t\t<div class=\"elementor-column elementor-col-100 elementor-top-column elementor-element elementor-element-a6d7b02\" data-id=\"a6d7b02\" data-element_type=\"column\">\n\t\t\t<div class=\"elementor-widget-wrap elementor-element-populated\">\n\t\t\t\t\t\t<div class=\"elementor-element elementor-element-f183bea elementor-widget elementor-widget-text-editor\" data-id=\"f183bea\" data-element_type=\"widget\" data-widget_type=\"text-editor.default\">\n\t\t\t\t<div class=\"elementor-widget-container\">\n\t\t\t\t\t\t\t<p>Foi com grande expectativa e emo\u00e7\u00e3o que o elenco do Clube de Teatro (15 alunos dos 6\u00ba e do 8\u00ba anos de escolaridade) subiu ao palco no passado dia 10 de janeiro para apresentar aos alunos do quinto ano de escolaridade, da parte da tarde, e, \u00e0 noite, para a comunidade educativa, a pe\u00e7a \u201c O Natal \u00e9 um pesadelo\u201d, escrita pela professora respons\u00e1vel.<\/p><p>O Natal ser\u00e1 um momento m\u00e1gico de partilha ou um pesadelo? Est\u00e1 lan\u00e7ada a discuss\u00e3o. O texto confrontou o Natal comercial com o verdadeiro sentido de Natal, que deve fomentar a entreajuda, a partilha e a solidariedade; com o \u201cesp\u00edrito de Natal\u201d, que real\u00e7a a constru\u00e7\u00e3o de um Ser mais consciente de si e dos outros.<\/p><p>O clube constitui-se como um espa\u00e7o l\u00fadico e de aprendizagem extracurricular, que valoriza o trabalho de equipa e procura interiorizar e promover valores art\u00edsticos, liter\u00e1rios e culturais. Neste sentido, a cria\u00e7\u00e3o dram\u00e1tica funciona como um projeto integrador, entre as v\u00e1rias \u00e1reas do saber, garantindo a articula\u00e7\u00e3o de linguagens diversas e permitindo que a escola se afirme cada vez mais como uma entidade promotora de cultura.<\/p><p>Parab\u00e9ns aos alunos pelo seu comprometimento, empenho e dedica\u00e7\u00e3o!<\/p><p><img decoding=\"async\" class=\"alignnone  wp-image-4308\" src=\"https:\/\/aevaledeste.pt\/site\/wp-content\/uploads\/2024\/02\/DSC_1428-scaled-300x200.jpg\" alt=\"\" width=\"261\" height=\"174\" srcset=\"https:\/\/aevaledeste.pt\/site\/wp-content\/uploads\/2024\/02\/DSC_1428-scaled-300x200.jpg 300w, https:\/\/aevaledeste.pt\/site\/wp-content\/uploads\/2024\/02\/DSC_1428-scaled-1024x684.jpg 1024w, https:\/\/aevaledeste.pt\/site\/wp-content\/uploads\/2024\/02\/DSC_1428-scaled-18x12.jpg 18w\" sizes=\"(max-width: 261px) 100vw, 261px\" \/> <img decoding=\"async\" class=\"alignnone  wp-image-4309\" src=\"https:\/\/aevaledeste.pt\/site\/wp-content\/uploads\/2024\/02\/DSC_1491-1-scaled-300x200.jpg\" alt=\"\" width=\"263\" height=\"175\" srcset=\"https:\/\/aevaledeste.pt\/site\/wp-content\/uploads\/2024\/02\/DSC_1491-1-scaled-300x200.jpg 300w, https:\/\/aevaledeste.pt\/site\/wp-content\/uploads\/2024\/02\/DSC_1491-1-scaled-1024x684.jpg 1024w, https:\/\/aevaledeste.pt\/site\/wp-content\/uploads\/2024\/02\/DSC_1491-1-scaled-18x12.jpg 18w\" sizes=\"(max-width: 263px) 100vw, 263px\" \/> <img decoding=\"async\" class=\"alignnone  wp-image-4310\" src=\"https:\/\/aevaledeste.pt\/site\/wp-content\/uploads\/2024\/02\/DSC_2716-scaled-300x200.jpg\" alt=\"\" width=\"266\" height=\"177\" srcset=\"https:\/\/aevaledeste.pt\/site\/wp-content\/uploads\/2024\/02\/DSC_2716-scaled-300x200.jpg 300w, https:\/\/aevaledeste.pt\/site\/wp-content\/uploads\/2024\/02\/DSC_2716-scaled-1024x681.jpg 1024w, https:\/\/aevaledeste.pt\/site\/wp-content\/uploads\/2024\/02\/DSC_2716-scaled-18x12.jpg 18w\" sizes=\"(max-width: 266px) 100vw, 266px\" \/><\/p><p><iframe title=\"YouTube video player\" src=\"https:\/\/www.youtube.com\/embed\/hCBqS0LyEmc?si=fz0bVVT_PixecS1J\" width=\"560\" height=\"315\" frameborder=\"0\" allowfullscreen=\"allowfullscreen\"><\/iframe><\/p><p style=\"text-align: right;\">A Coordenadora do Clube, Leopoldina Nogueira<\/p>\t\t\t\t\t\t<\/div>\n\t\t\t\t<\/div>\n\t\t\t\t\t<\/div>\n\t\t<\/div>\n\t\t\t\t\t<\/div>\n\t\t<\/section>\n\t\t\t\t<\/div>\n\t\t","protected":false},"excerpt":{"rendered":"<p>Foi com grande expectativa e emo\u00e7\u00e3o que o elenco do Clube de Teatro (15 alunos dos 6\u00ba e do 8\u00ba anos de escolaridade) subiu ao palco no passado dia 10 de janeiro para apresentar aos alunos do quinto ano de escolaridade, da parte da tarde,&nbsp;<a href=\"https:\/\/aevaledeste.pt\/site\/teatro-na-escola\/\">&hellip;<\/a><\/p>\n","protected":false},"author":5,"featured_media":0,"comment_status":"closed","ping_status":"closed","sticky":false,"template":"","format":"standard","meta":{"footnotes":""},"categories":[1],"tags":[],"class_list":["post-4300","post","type-post","status-publish","format-standard","hentry","category-noticias","odd"],"yoast_head":"<!-- This site is optimized with the Yoast SEO plugin v23.7 - https:\/\/yoast.com\/wordpress\/plugins\/seo\/ -->\n<title>Teatro na Escola - EBS Viatodos - Agrupamento de Escolas de Vale D&#039;Este<\/title>\n<meta name=\"robots\" content=\"index, follow, max-snippet:-1, max-image-preview:large, max-video-preview:-1\" \/>\n<link rel=\"canonical\" href=\"https:\/\/aevaledeste.pt\/site\/teatro-na-escola\/\" \/>\n<meta property=\"og:locale\" content=\"pt_PT\" \/>\n<meta property=\"og:type\" content=\"article\" \/>\n<meta property=\"og:title\" content=\"Teatro na Escola - EBS Viatodos - Agrupamento de Escolas de Vale D&#039;Este\" \/>\n<meta property=\"og:description\" content=\"Foi com grande expectativa e emo\u00e7\u00e3o que o elenco do Clube de Teatro (15 alunos dos 6\u00ba e do 8\u00ba anos de escolaridade) subiu ao palco no passado dia 10 de janeiro para apresentar aos alunos do quinto ano de escolaridade, da parte da tarde,&nbsp;&hellip;\" \/>\n<meta property=\"og:url\" content=\"https:\/\/aevaledeste.pt\/site\/teatro-na-escola\/\" \/>\n<meta property=\"og:site_name\" content=\"Agrupamento de Escolas de Vale D&#039;Este\" \/>\n<meta property=\"article:published_time\" content=\"2024-02-14T17:21:18+00:00\" \/>\n<meta property=\"article:modified_time\" content=\"2024-02-14T18:37:00+00:00\" \/>\n<meta property=\"og:image\" content=\"https:\/\/aevaledeste.pt\/site\/wp-content\/uploads\/2024\/02\/DSC_1428-scaled.jpg\" \/>\n\t<meta property=\"og:image:width\" content=\"2560\" \/>\n\t<meta property=\"og:image:height\" content=\"1709\" \/>\n\t<meta property=\"og:image:type\" content=\"image\/jpeg\" \/>\n<meta name=\"author\" content=\"Agrupamento de Escolas De Vale D&#039;Este\" \/>\n<meta name=\"twitter:card\" content=\"summary_large_image\" \/>\n<meta name=\"twitter:label1\" content=\"Escrito por\" \/>\n\t<meta name=\"twitter:data1\" content=\"Agrupamento de Escolas De Vale D&#039;Este\" \/>\n\t<meta name=\"twitter:label2\" content=\"Tempo estimado de leitura\" \/>\n\t<meta name=\"twitter:data2\" content=\"1 minuto\" \/>\n<script type=\"application\/ld+json\" class=\"yoast-schema-graph\">{\"@context\":\"https:\/\/schema.org\",\"@graph\":[{\"@type\":\"Article\",\"@id\":\"https:\/\/aevaledeste.pt\/site\/teatro-na-escola\/#article\",\"isPartOf\":{\"@id\":\"https:\/\/aevaledeste.pt\/site\/teatro-na-escola\/\"},\"author\":{\"name\":\"Agrupamento de Escolas De Vale D'Este\",\"@id\":\"https:\/\/aevaledeste.pt\/site\/#\/schema\/person\/7aedd04578439e4ebc023ee04390ddd5\"},\"headline\":\"Teatro na Escola &#8211; EBS Viatodos\",\"datePublished\":\"2024-02-14T17:21:18+00:00\",\"dateModified\":\"2024-02-14T18:37:00+00:00\",\"mainEntityOfPage\":{\"@id\":\"https:\/\/aevaledeste.pt\/site\/teatro-na-escola\/\"},\"wordCount\":218,\"publisher\":{\"@id\":\"https:\/\/aevaledeste.pt\/site\/#organization\"},\"image\":{\"@id\":\"https:\/\/aevaledeste.pt\/site\/teatro-na-escola\/#primaryimage\"},\"thumbnailUrl\":\"https:\/\/aevaledeste.pt\/site\/wp-content\/uploads\/2024\/02\/DSC_1428-scaled-300x200.jpg\",\"articleSection\":[\"Noticias\"],\"inLanguage\":\"pt-PT\"},{\"@type\":\"WebPage\",\"@id\":\"https:\/\/aevaledeste.pt\/site\/teatro-na-escola\/\",\"url\":\"https:\/\/aevaledeste.pt\/site\/teatro-na-escola\/\",\"name\":\"Teatro na Escola - EBS Viatodos - Agrupamento de Escolas de Vale D&#039;Este\",\"isPartOf\":{\"@id\":\"https:\/\/aevaledeste.pt\/site\/#website\"},\"primaryImageOfPage\":{\"@id\":\"https:\/\/aevaledeste.pt\/site\/teatro-na-escola\/#primaryimage\"},\"image\":{\"@id\":\"https:\/\/aevaledeste.pt\/site\/teatro-na-escola\/#primaryimage\"},\"thumbnailUrl\":\"https:\/\/aevaledeste.pt\/site\/wp-content\/uploads\/2024\/02\/DSC_1428-scaled-300x200.jpg\",\"datePublished\":\"2024-02-14T17:21:18+00:00\",\"dateModified\":\"2024-02-14T18:37:00+00:00\",\"breadcrumb\":{\"@id\":\"https:\/\/aevaledeste.pt\/site\/teatro-na-escola\/#breadcrumb\"},\"inLanguage\":\"pt-PT\",\"potentialAction\":[{\"@type\":\"ReadAction\",\"target\":[\"https:\/\/aevaledeste.pt\/site\/teatro-na-escola\/\"]}]},{\"@type\":\"ImageObject\",\"inLanguage\":\"pt-PT\",\"@id\":\"https:\/\/aevaledeste.pt\/site\/teatro-na-escola\/#primaryimage\",\"url\":\"https:\/\/aevaledeste.pt\/site\/wp-content\/uploads\/2024\/02\/DSC_1428-scaled.jpg\",\"contentUrl\":\"https:\/\/aevaledeste.pt\/site\/wp-content\/uploads\/2024\/02\/DSC_1428-scaled.jpg\",\"width\":2560,\"height\":1709},{\"@type\":\"BreadcrumbList\",\"@id\":\"https:\/\/aevaledeste.pt\/site\/teatro-na-escola\/#breadcrumb\",\"itemListElement\":[{\"@type\":\"ListItem\",\"position\":1,\"name\":\"In\u00edcio\",\"item\":\"https:\/\/aevaledeste.pt\/site\/\"},{\"@type\":\"ListItem\",\"position\":2,\"name\":\"Teatro na Escola &#8211; EBS Viatodos\"}]},{\"@type\":\"WebSite\",\"@id\":\"https:\/\/aevaledeste.pt\/site\/#website\",\"url\":\"https:\/\/aevaledeste.pt\/site\/\",\"name\":\"Agrupamento de Escolas de Vale D&#039;Este\",\"description\":\"Faz a tua escolha!\",\"publisher\":{\"@id\":\"https:\/\/aevaledeste.pt\/site\/#organization\"},\"potentialAction\":[{\"@type\":\"SearchAction\",\"target\":{\"@type\":\"EntryPoint\",\"urlTemplate\":\"https:\/\/aevaledeste.pt\/site\/?s={search_term_string}\"},\"query-input\":{\"@type\":\"PropertyValueSpecification\",\"valueRequired\":true,\"valueName\":\"search_term_string\"}}],\"inLanguage\":\"pt-PT\"},{\"@type\":\"Organization\",\"@id\":\"https:\/\/aevaledeste.pt\/site\/#organization\",\"name\":\"Agrupamento de Escolas de Vale D&#039;Este\",\"url\":\"https:\/\/aevaledeste.pt\/site\/\",\"logo\":{\"@type\":\"ImageObject\",\"inLanguage\":\"pt-PT\",\"@id\":\"https:\/\/aevaledeste.pt\/site\/#\/schema\/logo\/image\/\",\"url\":\"https:\/\/aevaledeste.pt\/site\/wp-content\/uploads\/2022\/09\/1-e1664446422139.png\",\"contentUrl\":\"https:\/\/aevaledeste.pt\/site\/wp-content\/uploads\/2022\/09\/1-e1664446422139.png\",\"width\":600,\"height\":78,\"caption\":\"Agrupamento de Escolas de Vale D&#039;Este\"},\"image\":{\"@id\":\"https:\/\/aevaledeste.pt\/site\/#\/schema\/logo\/image\/\"}},{\"@type\":\"Person\",\"@id\":\"https:\/\/aevaledeste.pt\/site\/#\/schema\/person\/7aedd04578439e4ebc023ee04390ddd5\",\"name\":\"Agrupamento de Escolas De Vale D'Este\",\"image\":{\"@type\":\"ImageObject\",\"inLanguage\":\"pt-PT\",\"@id\":\"https:\/\/aevaledeste.pt\/site\/#\/schema\/person\/image\/\",\"url\":\"https:\/\/secure.gravatar.com\/avatar\/17cc01e9d7154b6e3eb494fe0786922a12c603458f3d4d50e11698f8b9953d74?s=96&d=mm&r=g\",\"contentUrl\":\"https:\/\/secure.gravatar.com\/avatar\/17cc01e9d7154b6e3eb494fe0786922a12c603458f3d4d50e11698f8b9953d74?s=96&d=mm&r=g\",\"caption\":\"Agrupamento de Escolas De Vale D'Este\"},\"url\":\"https:\/\/aevaledeste.pt\/site\/author\/aeve\/\"}]}<\/script>\n<!-- \/ Yoast SEO plugin. -->","yoast_head_json":{"title":"Teatro na Escola - EBS Viatodos - Agrupamento de Escolas de Vale D&#039;Este","robots":{"index":"index","follow":"follow","max-snippet":"max-snippet:-1","max-image-preview":"max-image-preview:large","max-video-preview":"max-video-preview:-1"},"canonical":"https:\/\/aevaledeste.pt\/site\/teatro-na-escola\/","og_locale":"pt_PT","og_type":"article","og_title":"Teatro na Escola - EBS Viatodos - Agrupamento de Escolas de Vale D&#039;Este","og_description":"Foi com grande expectativa e emo\u00e7\u00e3o que o elenco do Clube de Teatro (15 alunos dos 6\u00ba e do 8\u00ba anos de escolaridade) subiu ao palco no passado dia 10 de janeiro para apresentar aos alunos do quinto ano de escolaridade, da parte da tarde,&nbsp;&hellip;","og_url":"https:\/\/aevaledeste.pt\/site\/teatro-na-escola\/","og_site_name":"Agrupamento de Escolas de Vale D&#039;Este","article_published_time":"2024-02-14T17:21:18+00:00","article_modified_time":"2024-02-14T18:37:00+00:00","og_image":[{"width":2560,"height":1709,"url":"https:\/\/aevaledeste.pt\/site\/wp-content\/uploads\/2024\/02\/DSC_1428-scaled.jpg","type":"image\/jpeg"}],"author":"Agrupamento de Escolas De Vale D'Este","twitter_card":"summary_large_image","twitter_misc":{"Escrito por":"Agrupamento de Escolas De Vale D'Este","Tempo estimado de leitura":"1 minuto"},"schema":{"@context":"https:\/\/schema.org","@graph":[{"@type":"Article","@id":"https:\/\/aevaledeste.pt\/site\/teatro-na-escola\/#article","isPartOf":{"@id":"https:\/\/aevaledeste.pt\/site\/teatro-na-escola\/"},"author":{"name":"Agrupamento de Escolas De Vale D'Este","@id":"https:\/\/aevaledeste.pt\/site\/#\/schema\/person\/7aedd04578439e4ebc023ee04390ddd5"},"headline":"Teatro na Escola &#8211; EBS Viatodos","datePublished":"2024-02-14T17:21:18+00:00","dateModified":"2024-02-14T18:37:00+00:00","mainEntityOfPage":{"@id":"https:\/\/aevaledeste.pt\/site\/teatro-na-escola\/"},"wordCount":218,"publisher":{"@id":"https:\/\/aevaledeste.pt\/site\/#organization"},"image":{"@id":"https:\/\/aevaledeste.pt\/site\/teatro-na-escola\/#primaryimage"},"thumbnailUrl":"https:\/\/aevaledeste.pt\/site\/wp-content\/uploads\/2024\/02\/DSC_1428-scaled-300x200.jpg","articleSection":["Noticias"],"inLanguage":"pt-PT"},{"@type":"WebPage","@id":"https:\/\/aevaledeste.pt\/site\/teatro-na-escola\/","url":"https:\/\/aevaledeste.pt\/site\/teatro-na-escola\/","name":"Teatro na Escola - EBS Viatodos - Agrupamento de Escolas de Vale D&#039;Este","isPartOf":{"@id":"https:\/\/aevaledeste.pt\/site\/#website"},"primaryImageOfPage":{"@id":"https:\/\/aevaledeste.pt\/site\/teatro-na-escola\/#primaryimage"},"image":{"@id":"https:\/\/aevaledeste.pt\/site\/teatro-na-escola\/#primaryimage"},"thumbnailUrl":"https:\/\/aevaledeste.pt\/site\/wp-content\/uploads\/2024\/02\/DSC_1428-scaled-300x200.jpg","datePublished":"2024-02-14T17:21:18+00:00","dateModified":"2024-02-14T18:37:00+00:00","breadcrumb":{"@id":"https:\/\/aevaledeste.pt\/site\/teatro-na-escola\/#breadcrumb"},"inLanguage":"pt-PT","potentialAction":[{"@type":"ReadAction","target":["https:\/\/aevaledeste.pt\/site\/teatro-na-escola\/"]}]},{"@type":"ImageObject","inLanguage":"pt-PT","@id":"https:\/\/aevaledeste.pt\/site\/teatro-na-escola\/#primaryimage","url":"https:\/\/aevaledeste.pt\/site\/wp-content\/uploads\/2024\/02\/DSC_1428-scaled.jpg","contentUrl":"https:\/\/aevaledeste.pt\/site\/wp-content\/uploads\/2024\/02\/DSC_1428-scaled.jpg","width":2560,"height":1709},{"@type":"BreadcrumbList","@id":"https:\/\/aevaledeste.pt\/site\/teatro-na-escola\/#breadcrumb","itemListElement":[{"@type":"ListItem","position":1,"name":"In\u00edcio","item":"https:\/\/aevaledeste.pt\/site\/"},{"@type":"ListItem","position":2,"name":"Teatro na Escola &#8211; EBS Viatodos"}]},{"@type":"WebSite","@id":"https:\/\/aevaledeste.pt\/site\/#website","url":"https:\/\/aevaledeste.pt\/site\/","name":"Agrupamento de Escolas de Vale D&#039;Este","description":"Faz a tua escolha!","publisher":{"@id":"https:\/\/aevaledeste.pt\/site\/#organization"},"potentialAction":[{"@type":"SearchAction","target":{"@type":"EntryPoint","urlTemplate":"https:\/\/aevaledeste.pt\/site\/?s={search_term_string}"},"query-input":{"@type":"PropertyValueSpecification","valueRequired":true,"valueName":"search_term_string"}}],"inLanguage":"pt-PT"},{"@type":"Organization","@id":"https:\/\/aevaledeste.pt\/site\/#organization","name":"Agrupamento de Escolas de Vale D&#039;Este","url":"https:\/\/aevaledeste.pt\/site\/","logo":{"@type":"ImageObject","inLanguage":"pt-PT","@id":"https:\/\/aevaledeste.pt\/site\/#\/schema\/logo\/image\/","url":"https:\/\/aevaledeste.pt\/site\/wp-content\/uploads\/2022\/09\/1-e1664446422139.png","contentUrl":"https:\/\/aevaledeste.pt\/site\/wp-content\/uploads\/2022\/09\/1-e1664446422139.png","width":600,"height":78,"caption":"Agrupamento de Escolas de Vale D&#039;Este"},"image":{"@id":"https:\/\/aevaledeste.pt\/site\/#\/schema\/logo\/image\/"}},{"@type":"Person","@id":"https:\/\/aevaledeste.pt\/site\/#\/schema\/person\/7aedd04578439e4ebc023ee04390ddd5","name":"Agrupamento de Escolas De Vale D'Este","image":{"@type":"ImageObject","inLanguage":"pt-PT","@id":"https:\/\/aevaledeste.pt\/site\/#\/schema\/person\/image\/","url":"https:\/\/secure.gravatar.com\/avatar\/17cc01e9d7154b6e3eb494fe0786922a12c603458f3d4d50e11698f8b9953d74?s=96&d=mm&r=g","contentUrl":"https:\/\/secure.gravatar.com\/avatar\/17cc01e9d7154b6e3eb494fe0786922a12c603458f3d4d50e11698f8b9953d74?s=96&d=mm&r=g","caption":"Agrupamento de Escolas De Vale D'Este"},"url":"https:\/\/aevaledeste.pt\/site\/author\/aeve\/"}]}},"_links":{"self":[{"href":"https:\/\/aevaledeste.pt\/site\/wp-json\/wp\/v2\/posts\/4300","targetHints":{"allow":["GET"]}}],"collection":[{"href":"https:\/\/aevaledeste.pt\/site\/wp-json\/wp\/v2\/posts"}],"about":[{"href":"https:\/\/aevaledeste.pt\/site\/wp-json\/wp\/v2\/types\/post"}],"author":[{"embeddable":true,"href":"https:\/\/aevaledeste.pt\/site\/wp-json\/wp\/v2\/users\/5"}],"replies":[{"embeddable":true,"href":"https:\/\/aevaledeste.pt\/site\/wp-json\/wp\/v2\/comments?post=4300"}],"version-history":[{"count":11,"href":"https:\/\/aevaledeste.pt\/site\/wp-json\/wp\/v2\/posts\/4300\/revisions"}],"predecessor-version":[{"id":4317,"href":"https:\/\/aevaledeste.pt\/site\/wp-json\/wp\/v2\/posts\/4300\/revisions\/4317"}],"wp:attachment":[{"href":"https:\/\/aevaledeste.pt\/site\/wp-json\/wp\/v2\/media?parent=4300"}],"wp:term":[{"taxonomy":"category","embeddable":true,"href":"https:\/\/aevaledeste.pt\/site\/wp-json\/wp\/v2\/categories?post=4300"},{"taxonomy":"post_tag","embeddable":true,"href":"https:\/\/aevaledeste.pt\/site\/wp-json\/wp\/v2\/tags?post=4300"}],"curies":[{"name":"wp","href":"https:\/\/api.w.org\/{rel}","templated":true}]}}