{"id":3694,"date":"2023-11-15T15:20:57","date_gmt":"2023-11-15T15:20:57","guid":{"rendered":"https:\/\/aevaledeste.pt\/site\/?p=3694"},"modified":"2023-11-15T15:27:09","modified_gmt":"2023-11-15T15:27:09","slug":"desfolhada","status":"publish","type":"post","link":"https:\/\/aevaledeste.pt\/site\/desfolhada\/","title":{"rendered":"Desfolhada &#8211; Escola B\u00e1sica de Viatodos"},"content":{"rendered":"\t\t<div data-elementor-type=\"wp-post\" data-elementor-id=\"3694\" class=\"elementor elementor-3694\">\n\t\t\t\t\t\t<section class=\"elementor-section elementor-top-section elementor-element elementor-element-9efe904 elementor-section-boxed elementor-section-height-default elementor-section-height-default\" data-id=\"9efe904\" data-element_type=\"section\">\n\t\t\t\t\t\t<div class=\"elementor-container elementor-column-gap-default\">\n\t\t\t\t\t<div class=\"elementor-column elementor-col-100 elementor-top-column elementor-element elementor-element-00039f2\" data-id=\"00039f2\" data-element_type=\"column\">\n\t\t\t<div class=\"elementor-widget-wrap elementor-element-populated\">\n\t\t\t\t\t\t<div class=\"elementor-element elementor-element-2c43af5 elementor-widget elementor-widget-text-editor\" data-id=\"2c43af5\" data-element_type=\"widget\" data-widget_type=\"text-editor.default\">\n\t\t\t\t<div class=\"elementor-widget-container\">\n\t\t\t\t\t\t\t<p><span style=\"color: #222222; letter-spacing: normal; background-color: #ffffff; font-size: 12.8px; font-family: arial, sans-serif;\">Escola: B\u00e1sica de Viatodos<\/span><\/p><div dir=\"auto\" style=\"color: #222222; font-family: Arial, Helvetica, sans-serif; letter-spacing: normal; background-color: #ffffff; font-size: 12.8px;\"><span style=\"font-family: arial, sans-serif;\">Atividade: Desfolhada<\/span><\/div><div dir=\"auto\" style=\"color: #222222; font-family: Arial, Helvetica, sans-serif; letter-spacing: normal; background-color: #ffffff; font-size: 12.8px;\"><span style=\"font-family: arial, sans-serif;\">Data: 28 de setembro de\u00a02023<\/span><\/div><div dir=\"auto\" style=\"color: #222222; font-family: Arial, Helvetica, sans-serif; letter-spacing: normal; background-color: #ffffff; font-size: 12.8px;\"><span style=\"font-family: arial, sans-serif;\">Alunos: todos<\/span><\/div><div dir=\"auto\" style=\"color: #222222; font-family: Arial, Helvetica, sans-serif; font-size: small; letter-spacing: normal; background-color: #ffffff;\"><span style=\"font-family: arial, sans-serif;\">Descri\u00e7\u00e3o:<\/span><\/div><div dir=\"auto\" style=\"color: #222222; font-family: Arial, Helvetica, sans-serif; font-size: small; letter-spacing: normal; background-color: #ffffff;\"><p style=\"margin: 0cm; text-align: justify; line-height: 22px;\">\u00a0<\/p><div><p class=\"MsoNormal\" style=\"margin: 0cm 0cm 8pt; line-height: 15.6933px; font-size: 11pt; font-family: Calibri, sans-serif;\"><span style=\"font-size: 12pt; line-height: 17.12px;\">Para comemorarmos a \u00e9poca das colheitas e preservar as tradi\u00e7\u00f5es, fizemos um<\/span><span style=\"font-size: 12pt;\">a desfolhada num campo de um familiar de um menino da escola.<\/span><\/p><p class=\"MsoNormal\" style=\"margin: 0cm 0cm 8pt; line-height: 15.6933px; font-size: 11pt; font-family: Calibri, sans-serif;\"><span style=\"font-size: 12pt; line-height: 17.12px;\">O dia estava bel\u00edssimo e sa\u00edmos cedo da escola p<\/span><span style=\"font-size: 12pt;\">ara n\u00e3o apanharmos tanto calor. A caminhada soube bem a todos e ap\u00f3s a desfolhada, os alunos deliciaram-se com a merenda especial: bolinhos de bacalhau com broa e doces brancos, como se faz<\/span><span style=\"font-size: 12pt;\">ia antigamente.<\/span><\/p><p class=\"MsoNormal\" style=\"margin: 0cm 0cm 8pt; line-height: 15.6933px; font-size: 11pt; font-family: Calibri, sans-serif;\"><span style=\"font-size: 12pt; line-height: 17.12px;\"><span style=\"font-size: 12pt; line-height: 17.12px;\">Foi um momento muito divertido!<\/span><br \/><\/span><\/p><\/div><div dir=\"auto\" style=\"text-align: center;\"><span style=\"font-family: arial, sans-serif;\">\u00a0 \u00a0 \u00a0 \u00a0 \u00a0 \u00a0 \u00a0 \u00a0 \u00a0 \u00a0 \u00a0 \u00a0<\/span><\/div><div dir=\"auto\" style=\"text-align: center;\"><span style=\"font-family: arial, sans-serif;\">Cen<\/span><span style=\"font-family: arial, sans-serif;\">tro Escolar de Viatodos<\/span><\/div><div dir=\"auto\">\u00a0<\/div><div dir=\"auto\"><img fetchpriority=\"high\" decoding=\"async\" class=\"size-medium wp-image-3696 aligncenter\" style=\"font-family: arial, sans-serif; font-size: 12.8px;\" src=\"https:\/\/aevaledeste.pt\/site\/wp-content\/uploads\/2023\/11\/desfolhada2-300x169.jpg\" alt=\"\" width=\"300\" height=\"169\" srcset=\"https:\/\/aevaledeste.pt\/site\/wp-content\/uploads\/2023\/11\/desfolhada2-300x169.jpg 300w, https:\/\/aevaledeste.pt\/site\/wp-content\/uploads\/2023\/11\/desfolhada2.jpg 732w, https:\/\/aevaledeste.pt\/site\/wp-content\/uploads\/2023\/11\/desfolhada2-18x10.jpg 18w\" sizes=\"(max-width: 300px) 100vw, 300px\" \/><\/div><\/div>\t\t\t\t\t\t<\/div>\n\t\t\t\t<\/div>\n\t\t\t\t\t<\/div>\n\t\t<\/div>\n\t\t\t\t\t<\/div>\n\t\t<\/section>\n\t\t\t\t<\/div>\n\t\t","protected":false},"excerpt":{"rendered":"<p>Escola: B\u00e1sica de Viatodos Atividade: DesfolhadaData: 28 de setembro de\u00a02023Alunos: todosDescri\u00e7\u00e3o: \u00a0 Para comemorarmos a \u00e9poca das colheitas e preservar as tradi\u00e7\u00f5es, fizemos uma desfolhada num campo de um familiar de um menino da escola. O dia estava bel\u00edssimo e sa\u00edmos cedo da escola para&nbsp;<a href=\"https:\/\/aevaledeste.pt\/site\/desfolhada\/\">&hellip;<\/a><\/p>\n","protected":false},"author":5,"featured_media":0,"comment_status":"closed","ping_status":"closed","sticky":false,"template":"","format":"standard","meta":{"footnotes":""},"categories":[1],"tags":[],"class_list":["post-3694","post","type-post","status-publish","format-standard","hentry","category-noticias","odd"],"yoast_head":"<!-- This site is optimized with the Yoast SEO plugin v23.7 - https:\/\/yoast.com\/wordpress\/plugins\/seo\/ -->\n<title>Desfolhada - Escola B\u00e1sica de Viatodos - Agrupamento de Escolas de Vale D&#039;Este<\/title>\n<meta name=\"robots\" content=\"index, follow, max-snippet:-1, max-image-preview:large, max-video-preview:-1\" \/>\n<link rel=\"canonical\" href=\"https:\/\/aevaledeste.pt\/site\/desfolhada\/\" \/>\n<meta property=\"og:locale\" content=\"pt_PT\" \/>\n<meta property=\"og:type\" content=\"article\" \/>\n<meta property=\"og:title\" content=\"Desfolhada - Escola B\u00e1sica de Viatodos - Agrupamento de Escolas de Vale D&#039;Este\" \/>\n<meta property=\"og:description\" content=\"Escola: B\u00e1sica de Viatodos Atividade: DesfolhadaData: 28 de setembro de\u00a02023Alunos: todosDescri\u00e7\u00e3o: \u00a0 Para comemorarmos a \u00e9poca das colheitas e preservar as tradi\u00e7\u00f5es, fizemos uma desfolhada num campo de um familiar de um menino da escola. O dia estava bel\u00edssimo e sa\u00edmos cedo da escola para&nbsp;&hellip;\" \/>\n<meta property=\"og:url\" content=\"https:\/\/aevaledeste.pt\/site\/desfolhada\/\" \/>\n<meta property=\"og:site_name\" content=\"Agrupamento de Escolas de Vale D&#039;Este\" \/>\n<meta property=\"article:published_time\" content=\"2023-11-15T15:20:57+00:00\" \/>\n<meta property=\"article:modified_time\" content=\"2023-11-15T15:27:09+00:00\" \/>\n<meta property=\"og:image\" content=\"https:\/\/aevaledeste.pt\/site\/wp-content\/uploads\/2023\/11\/desfolhada2.jpg\" \/>\n\t<meta property=\"og:image:width\" content=\"732\" \/>\n\t<meta property=\"og:image:height\" content=\"413\" \/>\n\t<meta property=\"og:image:type\" content=\"image\/jpeg\" \/>\n<meta name=\"author\" content=\"Agrupamento de Escolas De Vale D&#039;Este\" \/>\n<meta name=\"twitter:card\" content=\"summary_large_image\" \/>\n<meta name=\"twitter:label1\" content=\"Escrito por\" \/>\n\t<meta name=\"twitter:data1\" content=\"Agrupamento de Escolas De Vale D&#039;Este\" \/>\n<script type=\"application\/ld+json\" class=\"yoast-schema-graph\">{\"@context\":\"https:\/\/schema.org\",\"@graph\":[{\"@type\":\"Article\",\"@id\":\"https:\/\/aevaledeste.pt\/site\/desfolhada\/#article\",\"isPartOf\":{\"@id\":\"https:\/\/aevaledeste.pt\/site\/desfolhada\/\"},\"author\":{\"name\":\"Agrupamento de Escolas De Vale D'Este\",\"@id\":\"https:\/\/aevaledeste.pt\/site\/#\/schema\/person\/7aedd04578439e4ebc023ee04390ddd5\"},\"headline\":\"Desfolhada &#8211; Escola B\u00e1sica de Viatodos\",\"datePublished\":\"2023-11-15T15:20:57+00:00\",\"dateModified\":\"2023-11-15T15:27:09+00:00\",\"mainEntityOfPage\":{\"@id\":\"https:\/\/aevaledeste.pt\/site\/desfolhada\/\"},\"wordCount\":99,\"publisher\":{\"@id\":\"https:\/\/aevaledeste.pt\/site\/#organization\"},\"image\":{\"@id\":\"https:\/\/aevaledeste.pt\/site\/desfolhada\/#primaryimage\"},\"thumbnailUrl\":\"https:\/\/aevaledeste.pt\/site\/wp-content\/uploads\/2023\/11\/desfolhada2-300x169.jpg\",\"articleSection\":[\"Noticias\"],\"inLanguage\":\"pt-PT\"},{\"@type\":\"WebPage\",\"@id\":\"https:\/\/aevaledeste.pt\/site\/desfolhada\/\",\"url\":\"https:\/\/aevaledeste.pt\/site\/desfolhada\/\",\"name\":\"Desfolhada - Escola B\u00e1sica de Viatodos - Agrupamento de Escolas de Vale D&#039;Este\",\"isPartOf\":{\"@id\":\"https:\/\/aevaledeste.pt\/site\/#website\"},\"primaryImageOfPage\":{\"@id\":\"https:\/\/aevaledeste.pt\/site\/desfolhada\/#primaryimage\"},\"image\":{\"@id\":\"https:\/\/aevaledeste.pt\/site\/desfolhada\/#primaryimage\"},\"thumbnailUrl\":\"https:\/\/aevaledeste.pt\/site\/wp-content\/uploads\/2023\/11\/desfolhada2-300x169.jpg\",\"datePublished\":\"2023-11-15T15:20:57+00:00\",\"dateModified\":\"2023-11-15T15:27:09+00:00\",\"breadcrumb\":{\"@id\":\"https:\/\/aevaledeste.pt\/site\/desfolhada\/#breadcrumb\"},\"inLanguage\":\"pt-PT\",\"potentialAction\":[{\"@type\":\"ReadAction\",\"target\":[\"https:\/\/aevaledeste.pt\/site\/desfolhada\/\"]}]},{\"@type\":\"ImageObject\",\"inLanguage\":\"pt-PT\",\"@id\":\"https:\/\/aevaledeste.pt\/site\/desfolhada\/#primaryimage\",\"url\":\"https:\/\/aevaledeste.pt\/site\/wp-content\/uploads\/2023\/11\/desfolhada2.jpg\",\"contentUrl\":\"https:\/\/aevaledeste.pt\/site\/wp-content\/uploads\/2023\/11\/desfolhada2.jpg\",\"width\":732,\"height\":413},{\"@type\":\"BreadcrumbList\",\"@id\":\"https:\/\/aevaledeste.pt\/site\/desfolhada\/#breadcrumb\",\"itemListElement\":[{\"@type\":\"ListItem\",\"position\":1,\"name\":\"In\u00edcio\",\"item\":\"https:\/\/aevaledeste.pt\/site\/\"},{\"@type\":\"ListItem\",\"position\":2,\"name\":\"Desfolhada &#8211; Escola B\u00e1sica de Viatodos\"}]},{\"@type\":\"WebSite\",\"@id\":\"https:\/\/aevaledeste.pt\/site\/#website\",\"url\":\"https:\/\/aevaledeste.pt\/site\/\",\"name\":\"Agrupamento de Escolas de Vale D&#039;Este\",\"description\":\"Faz a tua escolha!\",\"publisher\":{\"@id\":\"https:\/\/aevaledeste.pt\/site\/#organization\"},\"potentialAction\":[{\"@type\":\"SearchAction\",\"target\":{\"@type\":\"EntryPoint\",\"urlTemplate\":\"https:\/\/aevaledeste.pt\/site\/?s={search_term_string}\"},\"query-input\":{\"@type\":\"PropertyValueSpecification\",\"valueRequired\":true,\"valueName\":\"search_term_string\"}}],\"inLanguage\":\"pt-PT\"},{\"@type\":\"Organization\",\"@id\":\"https:\/\/aevaledeste.pt\/site\/#organization\",\"name\":\"Agrupamento de Escolas de Vale D&#039;Este\",\"url\":\"https:\/\/aevaledeste.pt\/site\/\",\"logo\":{\"@type\":\"ImageObject\",\"inLanguage\":\"pt-PT\",\"@id\":\"https:\/\/aevaledeste.pt\/site\/#\/schema\/logo\/image\/\",\"url\":\"https:\/\/aevaledeste.pt\/site\/wp-content\/uploads\/2022\/09\/1-e1664446422139.png\",\"contentUrl\":\"https:\/\/aevaledeste.pt\/site\/wp-content\/uploads\/2022\/09\/1-e1664446422139.png\",\"width\":600,\"height\":78,\"caption\":\"Agrupamento de Escolas de Vale D&#039;Este\"},\"image\":{\"@id\":\"https:\/\/aevaledeste.pt\/site\/#\/schema\/logo\/image\/\"}},{\"@type\":\"Person\",\"@id\":\"https:\/\/aevaledeste.pt\/site\/#\/schema\/person\/7aedd04578439e4ebc023ee04390ddd5\",\"name\":\"Agrupamento de Escolas De Vale D'Este\",\"image\":{\"@type\":\"ImageObject\",\"inLanguage\":\"pt-PT\",\"@id\":\"https:\/\/aevaledeste.pt\/site\/#\/schema\/person\/image\/\",\"url\":\"https:\/\/secure.gravatar.com\/avatar\/17cc01e9d7154b6e3eb494fe0786922a12c603458f3d4d50e11698f8b9953d74?s=96&d=mm&r=g\",\"contentUrl\":\"https:\/\/secure.gravatar.com\/avatar\/17cc01e9d7154b6e3eb494fe0786922a12c603458f3d4d50e11698f8b9953d74?s=96&d=mm&r=g\",\"caption\":\"Agrupamento de Escolas De Vale D'Este\"},\"url\":\"https:\/\/aevaledeste.pt\/site\/author\/aeve\/\"}]}<\/script>\n<!-- \/ Yoast SEO plugin. -->","yoast_head_json":{"title":"Desfolhada - Escola B\u00e1sica de Viatodos - Agrupamento de Escolas de Vale D&#039;Este","robots":{"index":"index","follow":"follow","max-snippet":"max-snippet:-1","max-image-preview":"max-image-preview:large","max-video-preview":"max-video-preview:-1"},"canonical":"https:\/\/aevaledeste.pt\/site\/desfolhada\/","og_locale":"pt_PT","og_type":"article","og_title":"Desfolhada - Escola B\u00e1sica de Viatodos - Agrupamento de Escolas de Vale D&#039;Este","og_description":"Escola: B\u00e1sica de Viatodos Atividade: DesfolhadaData: 28 de setembro de\u00a02023Alunos: todosDescri\u00e7\u00e3o: \u00a0 Para comemorarmos a \u00e9poca das colheitas e preservar as tradi\u00e7\u00f5es, fizemos uma desfolhada num campo de um familiar de um menino da escola. O dia estava bel\u00edssimo e sa\u00edmos cedo da escola para&nbsp;&hellip;","og_url":"https:\/\/aevaledeste.pt\/site\/desfolhada\/","og_site_name":"Agrupamento de Escolas de Vale D&#039;Este","article_published_time":"2023-11-15T15:20:57+00:00","article_modified_time":"2023-11-15T15:27:09+00:00","og_image":[{"width":732,"height":413,"url":"https:\/\/aevaledeste.pt\/site\/wp-content\/uploads\/2023\/11\/desfolhada2.jpg","type":"image\/jpeg"}],"author":"Agrupamento de Escolas De Vale D'Este","twitter_card":"summary_large_image","twitter_misc":{"Escrito por":"Agrupamento de Escolas De Vale D'Este"},"schema":{"@context":"https:\/\/schema.org","@graph":[{"@type":"Article","@id":"https:\/\/aevaledeste.pt\/site\/desfolhada\/#article","isPartOf":{"@id":"https:\/\/aevaledeste.pt\/site\/desfolhada\/"},"author":{"name":"Agrupamento de Escolas De Vale D'Este","@id":"https:\/\/aevaledeste.pt\/site\/#\/schema\/person\/7aedd04578439e4ebc023ee04390ddd5"},"headline":"Desfolhada &#8211; Escola B\u00e1sica de Viatodos","datePublished":"2023-11-15T15:20:57+00:00","dateModified":"2023-11-15T15:27:09+00:00","mainEntityOfPage":{"@id":"https:\/\/aevaledeste.pt\/site\/desfolhada\/"},"wordCount":99,"publisher":{"@id":"https:\/\/aevaledeste.pt\/site\/#organization"},"image":{"@id":"https:\/\/aevaledeste.pt\/site\/desfolhada\/#primaryimage"},"thumbnailUrl":"https:\/\/aevaledeste.pt\/site\/wp-content\/uploads\/2023\/11\/desfolhada2-300x169.jpg","articleSection":["Noticias"],"inLanguage":"pt-PT"},{"@type":"WebPage","@id":"https:\/\/aevaledeste.pt\/site\/desfolhada\/","url":"https:\/\/aevaledeste.pt\/site\/desfolhada\/","name":"Desfolhada - Escola B\u00e1sica de Viatodos - Agrupamento de Escolas de Vale D&#039;Este","isPartOf":{"@id":"https:\/\/aevaledeste.pt\/site\/#website"},"primaryImageOfPage":{"@id":"https:\/\/aevaledeste.pt\/site\/desfolhada\/#primaryimage"},"image":{"@id":"https:\/\/aevaledeste.pt\/site\/desfolhada\/#primaryimage"},"thumbnailUrl":"https:\/\/aevaledeste.pt\/site\/wp-content\/uploads\/2023\/11\/desfolhada2-300x169.jpg","datePublished":"2023-11-15T15:20:57+00:00","dateModified":"2023-11-15T15:27:09+00:00","breadcrumb":{"@id":"https:\/\/aevaledeste.pt\/site\/desfolhada\/#breadcrumb"},"inLanguage":"pt-PT","potentialAction":[{"@type":"ReadAction","target":["https:\/\/aevaledeste.pt\/site\/desfolhada\/"]}]},{"@type":"ImageObject","inLanguage":"pt-PT","@id":"https:\/\/aevaledeste.pt\/site\/desfolhada\/#primaryimage","url":"https:\/\/aevaledeste.pt\/site\/wp-content\/uploads\/2023\/11\/desfolhada2.jpg","contentUrl":"https:\/\/aevaledeste.pt\/site\/wp-content\/uploads\/2023\/11\/desfolhada2.jpg","width":732,"height":413},{"@type":"BreadcrumbList","@id":"https:\/\/aevaledeste.pt\/site\/desfolhada\/#breadcrumb","itemListElement":[{"@type":"ListItem","position":1,"name":"In\u00edcio","item":"https:\/\/aevaledeste.pt\/site\/"},{"@type":"ListItem","position":2,"name":"Desfolhada &#8211; Escola B\u00e1sica de Viatodos"}]},{"@type":"WebSite","@id":"https:\/\/aevaledeste.pt\/site\/#website","url":"https:\/\/aevaledeste.pt\/site\/","name":"Agrupamento de Escolas de Vale D&#039;Este","description":"Faz a tua escolha!","publisher":{"@id":"https:\/\/aevaledeste.pt\/site\/#organization"},"potentialAction":[{"@type":"SearchAction","target":{"@type":"EntryPoint","urlTemplate":"https:\/\/aevaledeste.pt\/site\/?s={search_term_string}"},"query-input":{"@type":"PropertyValueSpecification","valueRequired":true,"valueName":"search_term_string"}}],"inLanguage":"pt-PT"},{"@type":"Organization","@id":"https:\/\/aevaledeste.pt\/site\/#organization","name":"Agrupamento de Escolas de Vale D&#039;Este","url":"https:\/\/aevaledeste.pt\/site\/","logo":{"@type":"ImageObject","inLanguage":"pt-PT","@id":"https:\/\/aevaledeste.pt\/site\/#\/schema\/logo\/image\/","url":"https:\/\/aevaledeste.pt\/site\/wp-content\/uploads\/2022\/09\/1-e1664446422139.png","contentUrl":"https:\/\/aevaledeste.pt\/site\/wp-content\/uploads\/2022\/09\/1-e1664446422139.png","width":600,"height":78,"caption":"Agrupamento de Escolas de Vale D&#039;Este"},"image":{"@id":"https:\/\/aevaledeste.pt\/site\/#\/schema\/logo\/image\/"}},{"@type":"Person","@id":"https:\/\/aevaledeste.pt\/site\/#\/schema\/person\/7aedd04578439e4ebc023ee04390ddd5","name":"Agrupamento de Escolas De Vale D'Este","image":{"@type":"ImageObject","inLanguage":"pt-PT","@id":"https:\/\/aevaledeste.pt\/site\/#\/schema\/person\/image\/","url":"https:\/\/secure.gravatar.com\/avatar\/17cc01e9d7154b6e3eb494fe0786922a12c603458f3d4d50e11698f8b9953d74?s=96&d=mm&r=g","contentUrl":"https:\/\/secure.gravatar.com\/avatar\/17cc01e9d7154b6e3eb494fe0786922a12c603458f3d4d50e11698f8b9953d74?s=96&d=mm&r=g","caption":"Agrupamento de Escolas De Vale D'Este"},"url":"https:\/\/aevaledeste.pt\/site\/author\/aeve\/"}]}},"_links":{"self":[{"href":"https:\/\/aevaledeste.pt\/site\/wp-json\/wp\/v2\/posts\/3694","targetHints":{"allow":["GET"]}}],"collection":[{"href":"https:\/\/aevaledeste.pt\/site\/wp-json\/wp\/v2\/posts"}],"about":[{"href":"https:\/\/aevaledeste.pt\/site\/wp-json\/wp\/v2\/types\/post"}],"author":[{"embeddable":true,"href":"https:\/\/aevaledeste.pt\/site\/wp-json\/wp\/v2\/users\/5"}],"replies":[{"embeddable":true,"href":"https:\/\/aevaledeste.pt\/site\/wp-json\/wp\/v2\/comments?post=3694"}],"version-history":[{"count":6,"href":"https:\/\/aevaledeste.pt\/site\/wp-json\/wp\/v2\/posts\/3694\/revisions"}],"predecessor-version":[{"id":3701,"href":"https:\/\/aevaledeste.pt\/site\/wp-json\/wp\/v2\/posts\/3694\/revisions\/3701"}],"wp:attachment":[{"href":"https:\/\/aevaledeste.pt\/site\/wp-json\/wp\/v2\/media?parent=3694"}],"wp:term":[{"taxonomy":"category","embeddable":true,"href":"https:\/\/aevaledeste.pt\/site\/wp-json\/wp\/v2\/categories?post=3694"},{"taxonomy":"post_tag","embeddable":true,"href":"https:\/\/aevaledeste.pt\/site\/wp-json\/wp\/v2\/tags?post=3694"}],"curies":[{"name":"wp","href":"https:\/\/api.w.org\/{rel}","templated":true}]}}