{"id":10761,"date":"2026-04-27T10:07:48","date_gmt":"2026-04-27T10:07:48","guid":{"rendered":"https:\/\/aevaledeste.pt\/site\/?p=10761"},"modified":"2026-04-27T10:10:20","modified_gmt":"2026-04-27T10:10:20","slug":"encontro-de-embaixadores-seniores-epas","status":"publish","type":"post","link":"https:\/\/aevaledeste.pt\/site\/encontro-de-embaixadores-seniores-epas\/","title":{"rendered":"Encontro de Embaixadores Seniores EPAS"},"content":{"rendered":"\t\t<div data-elementor-type=\"wp-post\" data-elementor-id=\"10761\" class=\"elementor elementor-10761\">\n\t\t\t\t\t\t<section class=\"elementor-section elementor-top-section elementor-element elementor-element-7483181 elementor-section-boxed elementor-section-height-default elementor-section-height-default\" data-id=\"7483181\" data-element_type=\"section\">\n\t\t\t\t\t\t<div class=\"elementor-container elementor-column-gap-default\">\n\t\t\t\t\t<div class=\"elementor-column elementor-col-100 elementor-top-column elementor-element elementor-element-ad8ca26\" data-id=\"ad8ca26\" data-element_type=\"column\">\n\t\t\t<div class=\"elementor-widget-wrap elementor-element-populated\">\n\t\t\t\t\t\t<div class=\"elementor-element elementor-element-867f737 elementor-widget elementor-widget-text-editor\" data-id=\"867f737\" data-element_type=\"widget\" data-widget_type=\"text-editor.default\">\n\t\t\t\t<div class=\"elementor-widget-container\">\n\t\t\t\t\t\t\t<div>No passado fim de semana, dias 17 e 18, a Escola Secund\u00e1ria S\u00e1 da Bandeira, em Santar\u00e9m, foi palco do inspirador \u00abEncontro de Embaixadores Seniores EPAS\u00bb.<\/div><p align=\"justify\"><span style=\"font-family: Calibri, sans-serif;\">Foram dois dias marcados por partilhas genu\u00ednas, boa disposi\u00e7\u00e3o e uma reflex\u00e3o profunda sobre a Europa que nos une. Ao longo de 40 anos de integra\u00e7\u00e3o europeia, enfrent\u00e1mos desafios, celebr\u00e1mos conquistas e descobrimos oportunidades que continuam a moldar o nosso futuro comum.<\/span><\/p><p align=\"justify\"><span style=\"font-family: Calibri, sans-serif;\">Um agradecimento especial \u00e0 Coordenadora Nacional EPAS, Doutora Isabel Baltazar, pela presen\u00e7a e contributo, e \u00e0s talentosas alunas do 12.\u00ba B, autoras do v\u00eddeo apresentado na sess\u00e3o de sexta\u2011feira. As nossas jovens mostraram n\u00e3o s\u00f3 compreender o significado destes 40 anos de integra\u00e7\u00e3o, como tamb\u00e9m assumir, com entusiasmo, o compromisso de fortalecer a cidadania europeia e o sentido de perten\u00e7a.<\/span><\/p><p align=\"justify\"><span style=\"font-family: Calibri, sans-serif;\">Este encontro deixou claro que continuamos a construir, juntos, uma escola mais europeia, mais participativa e mais consciente do seu papel no mundo.\u00a0<\/span><strong><span style=\"font-family: Calibri, sans-serif;\">Somos EPAS \u2014 e seguimos a fazer a diferen\u00e7a!\u00bb<\/span><\/strong><\/p><p lang=\"x-none\" align=\"right\"><span style=\"font-family: Calibri, sans-serif;\"><b>A Coordenadora\u00a0<strong>F\u00e1tima Sampaio<\/strong><\/b><\/span><\/p><p lang=\"x-none\" style=\"text-align: center;\" align=\"right\"><img fetchpriority=\"high\" decoding=\"async\" class=\"alignnone size-medium wp-image-10765\" src=\"https:\/\/aevaledeste.pt\/site\/wp-content\/uploads\/2026\/04\/IMG_1201-300x225.jpeg\" alt=\"\" width=\"300\" height=\"225\" srcset=\"https:\/\/aevaledeste.pt\/site\/wp-content\/uploads\/2026\/04\/IMG_1201-300x225.jpeg 300w, https:\/\/aevaledeste.pt\/site\/wp-content\/uploads\/2026\/04\/IMG_1201-1024x768.jpeg 1024w, https:\/\/aevaledeste.pt\/site\/wp-content\/uploads\/2026\/04\/IMG_1201-768x576.jpeg 768w, https:\/\/aevaledeste.pt\/site\/wp-content\/uploads\/2026\/04\/IMG_1201-1536x1152.jpeg 1536w, https:\/\/aevaledeste.pt\/site\/wp-content\/uploads\/2026\/04\/IMG_1201-2048x1536.jpeg 2048w, https:\/\/aevaledeste.pt\/site\/wp-content\/uploads\/2026\/04\/IMG_1201-16x12.jpeg 16w, https:\/\/aevaledeste.pt\/site\/wp-content\/uploads\/2026\/04\/IMG_1201-150x113.jpeg 150w\" sizes=\"(max-width: 300px) 100vw, 300px\" \/> <img decoding=\"async\" class=\"alignnone  wp-image-10767\" src=\"https:\/\/aevaledeste.pt\/site\/wp-content\/uploads\/2026\/04\/IMG_1158-225x300.jpeg\" alt=\"\" width=\"168\" height=\"224\" srcset=\"https:\/\/aevaledeste.pt\/site\/wp-content\/uploads\/2026\/04\/IMG_1158-225x300.jpeg 225w, https:\/\/aevaledeste.pt\/site\/wp-content\/uploads\/2026\/04\/IMG_1158-768x1024.jpeg 768w, https:\/\/aevaledeste.pt\/site\/wp-content\/uploads\/2026\/04\/IMG_1158-1152x1536.jpeg 1152w, https:\/\/aevaledeste.pt\/site\/wp-content\/uploads\/2026\/04\/IMG_1158-1536x2048.jpeg 1536w, https:\/\/aevaledeste.pt\/site\/wp-content\/uploads\/2026\/04\/IMG_1158-9x12.jpeg 9w, https:\/\/aevaledeste.pt\/site\/wp-content\/uploads\/2026\/04\/IMG_1158-113x150.jpeg 113w, https:\/\/aevaledeste.pt\/site\/wp-content\/uploads\/2026\/04\/IMG_1158-scaled.jpeg 1920w\" sizes=\"(max-width: 168px) 100vw, 168px\" \/> <img decoding=\"async\" class=\"alignnone  wp-image-10768\" src=\"https:\/\/aevaledeste.pt\/site\/wp-content\/uploads\/2026\/04\/IMG_1199-1-225x300.jpeg\" alt=\"\" width=\"170\" height=\"227\" srcset=\"https:\/\/aevaledeste.pt\/site\/wp-content\/uploads\/2026\/04\/IMG_1199-1-225x300.jpeg 225w, https:\/\/aevaledeste.pt\/site\/wp-content\/uploads\/2026\/04\/IMG_1199-1-768x1024.jpeg 768w, https:\/\/aevaledeste.pt\/site\/wp-content\/uploads\/2026\/04\/IMG_1199-1-1152x1536.jpeg 1152w, https:\/\/aevaledeste.pt\/site\/wp-content\/uploads\/2026\/04\/IMG_1199-1-1536x2048.jpeg 1536w, https:\/\/aevaledeste.pt\/site\/wp-content\/uploads\/2026\/04\/IMG_1199-1-9x12.jpeg 9w, https:\/\/aevaledeste.pt\/site\/wp-content\/uploads\/2026\/04\/IMG_1199-1-113x150.jpeg 113w, https:\/\/aevaledeste.pt\/site\/wp-content\/uploads\/2026\/04\/IMG_1199-1-scaled.jpeg 1920w\" sizes=\"(max-width: 170px) 100vw, 170px\" \/><img loading=\"lazy\" decoding=\"async\" class=\"alignnone  wp-image-10766\" src=\"https:\/\/aevaledeste.pt\/site\/wp-content\/uploads\/2026\/04\/WhatsApp-Image-2026-04-18-at-13.22.56-1-300x135.jpeg\" alt=\"\" width=\"424\" height=\"190\" srcset=\"https:\/\/aevaledeste.pt\/site\/wp-content\/uploads\/2026\/04\/WhatsApp-Image-2026-04-18-at-13.22.56-1-300x135.jpeg 300w, https:\/\/aevaledeste.pt\/site\/wp-content\/uploads\/2026\/04\/WhatsApp-Image-2026-04-18-at-13.22.56-1-1024x462.jpeg 1024w, https:\/\/aevaledeste.pt\/site\/wp-content\/uploads\/2026\/04\/WhatsApp-Image-2026-04-18-at-13.22.56-1-768x346.jpeg 768w, https:\/\/aevaledeste.pt\/site\/wp-content\/uploads\/2026\/04\/WhatsApp-Image-2026-04-18-at-13.22.56-1-1536x692.jpeg 1536w, https:\/\/aevaledeste.pt\/site\/wp-content\/uploads\/2026\/04\/WhatsApp-Image-2026-04-18-at-13.22.56-1-18x8.jpeg 18w, https:\/\/aevaledeste.pt\/site\/wp-content\/uploads\/2026\/04\/WhatsApp-Image-2026-04-18-at-13.22.56-1-150x68.jpeg 150w, https:\/\/aevaledeste.pt\/site\/wp-content\/uploads\/2026\/04\/WhatsApp-Image-2026-04-18-at-13.22.56-1.jpeg 2048w\" sizes=\"(max-width: 424px) 100vw, 424px\" \/> \u00a0<\/p>\t\t\t\t\t\t<\/div>\n\t\t\t\t<\/div>\n\t\t\t\t\t<\/div>\n\t\t<\/div>\n\t\t\t\t\t<\/div>\n\t\t<\/section>\n\t\t\t\t<\/div>\n\t\t","protected":false},"excerpt":{"rendered":"<p>No passado fim de semana, dias 17 e 18, a Escola Secund\u00e1ria S\u00e1 da Bandeira, em Santar\u00e9m, foi palco do inspirador \u00abEncontro de Embaixadores Seniores EPAS\u00bb. Foram dois dias marcados por partilhas genu\u00ednas, boa disposi\u00e7\u00e3o e uma reflex\u00e3o profunda sobre a Europa que nos une.&nbsp;<a href=\"https:\/\/aevaledeste.pt\/site\/encontro-de-embaixadores-seniores-epas\/\">&hellip;<\/a><\/p>\n","protected":false},"author":5,"featured_media":10762,"comment_status":"closed","ping_status":"closed","sticky":false,"template":"","format":"standard","meta":{"footnotes":""},"categories":[46,1],"tags":[],"class_list":["post-10761","post","type-post","status-publish","format-standard","has-post-thumbnail","hentry","category-destaques","category-noticias","odd"],"yoast_head":"<!-- This site is optimized with the Yoast SEO plugin v23.7 - https:\/\/yoast.com\/wordpress\/plugins\/seo\/ -->\n<title>Encontro de Embaixadores Seniores EPAS - Agrupamento de Escolas de Vale D&#039;Este<\/title>\n<meta name=\"robots\" content=\"index, follow, max-snippet:-1, max-image-preview:large, max-video-preview:-1\" \/>\n<link rel=\"canonical\" href=\"https:\/\/aevaledeste.pt\/site\/encontro-de-embaixadores-seniores-epas\/\" \/>\n<meta property=\"og:locale\" content=\"pt_PT\" \/>\n<meta property=\"og:type\" content=\"article\" \/>\n<meta property=\"og:title\" content=\"Encontro de Embaixadores Seniores EPAS - Agrupamento de Escolas de Vale D&#039;Este\" \/>\n<meta property=\"og:description\" content=\"No passado fim de semana, dias 17 e 18, a Escola Secund\u00e1ria S\u00e1 da Bandeira, em Santar\u00e9m, foi palco do inspirador \u00abEncontro de Embaixadores Seniores EPAS\u00bb. Foram dois dias marcados por partilhas genu\u00ednas, boa disposi\u00e7\u00e3o e uma reflex\u00e3o profunda sobre a Europa que nos une.&nbsp;&hellip;\" \/>\n<meta property=\"og:url\" content=\"https:\/\/aevaledeste.pt\/site\/encontro-de-embaixadores-seniores-epas\/\" \/>\n<meta property=\"og:site_name\" content=\"Agrupamento de Escolas de Vale D&#039;Este\" \/>\n<meta property=\"article:published_time\" content=\"2026-04-27T10:07:48+00:00\" \/>\n<meta property=\"article:modified_time\" content=\"2026-04-27T10:10:20+00:00\" \/>\n<meta property=\"og:image\" content=\"https:\/\/aevaledeste.pt\/site\/wp-content\/uploads\/2026\/04\/epas.png\" \/>\n\t<meta property=\"og:image:width\" content=\"600\" \/>\n\t<meta property=\"og:image:height\" content=\"350\" \/>\n\t<meta property=\"og:image:type\" content=\"image\/png\" \/>\n<meta name=\"author\" content=\"Agrupamento de Escolas De Vale D&#039;Este\" \/>\n<meta name=\"twitter:card\" content=\"summary_large_image\" \/>\n<meta name=\"twitter:label1\" content=\"Escrito por\" \/>\n\t<meta name=\"twitter:data1\" content=\"Agrupamento de Escolas De Vale D&#039;Este\" \/>\n\t<meta name=\"twitter:label2\" content=\"Tempo estimado de leitura\" \/>\n\t<meta name=\"twitter:data2\" content=\"2 minutos\" \/>\n<script type=\"application\/ld+json\" class=\"yoast-schema-graph\">{\"@context\":\"https:\/\/schema.org\",\"@graph\":[{\"@type\":\"Article\",\"@id\":\"https:\/\/aevaledeste.pt\/site\/encontro-de-embaixadores-seniores-epas\/#article\",\"isPartOf\":{\"@id\":\"https:\/\/aevaledeste.pt\/site\/encontro-de-embaixadores-seniores-epas\/\"},\"author\":{\"name\":\"Agrupamento de Escolas De Vale D'Este\",\"@id\":\"https:\/\/aevaledeste.pt\/site\/#\/schema\/person\/7aedd04578439e4ebc023ee04390ddd5\"},\"headline\":\"Encontro de Embaixadores Seniores EPAS\",\"datePublished\":\"2026-04-27T10:07:48+00:00\",\"dateModified\":\"2026-04-27T10:10:20+00:00\",\"mainEntityOfPage\":{\"@id\":\"https:\/\/aevaledeste.pt\/site\/encontro-de-embaixadores-seniores-epas\/\"},\"wordCount\":180,\"publisher\":{\"@id\":\"https:\/\/aevaledeste.pt\/site\/#organization\"},\"image\":{\"@id\":\"https:\/\/aevaledeste.pt\/site\/encontro-de-embaixadores-seniores-epas\/#primaryimage\"},\"thumbnailUrl\":\"https:\/\/aevaledeste.pt\/site\/wp-content\/uploads\/2026\/04\/epas.png\",\"articleSection\":[\"Destaques\",\"Noticias\"],\"inLanguage\":\"pt-PT\"},{\"@type\":\"WebPage\",\"@id\":\"https:\/\/aevaledeste.pt\/site\/encontro-de-embaixadores-seniores-epas\/\",\"url\":\"https:\/\/aevaledeste.pt\/site\/encontro-de-embaixadores-seniores-epas\/\",\"name\":\"Encontro de Embaixadores Seniores EPAS - Agrupamento de Escolas de Vale D&#039;Este\",\"isPartOf\":{\"@id\":\"https:\/\/aevaledeste.pt\/site\/#website\"},\"primaryImageOfPage\":{\"@id\":\"https:\/\/aevaledeste.pt\/site\/encontro-de-embaixadores-seniores-epas\/#primaryimage\"},\"image\":{\"@id\":\"https:\/\/aevaledeste.pt\/site\/encontro-de-embaixadores-seniores-epas\/#primaryimage\"},\"thumbnailUrl\":\"https:\/\/aevaledeste.pt\/site\/wp-content\/uploads\/2026\/04\/epas.png\",\"datePublished\":\"2026-04-27T10:07:48+00:00\",\"dateModified\":\"2026-04-27T10:10:20+00:00\",\"breadcrumb\":{\"@id\":\"https:\/\/aevaledeste.pt\/site\/encontro-de-embaixadores-seniores-epas\/#breadcrumb\"},\"inLanguage\":\"pt-PT\",\"potentialAction\":[{\"@type\":\"ReadAction\",\"target\":[\"https:\/\/aevaledeste.pt\/site\/encontro-de-embaixadores-seniores-epas\/\"]}]},{\"@type\":\"ImageObject\",\"inLanguage\":\"pt-PT\",\"@id\":\"https:\/\/aevaledeste.pt\/site\/encontro-de-embaixadores-seniores-epas\/#primaryimage\",\"url\":\"https:\/\/aevaledeste.pt\/site\/wp-content\/uploads\/2026\/04\/epas.png\",\"contentUrl\":\"https:\/\/aevaledeste.pt\/site\/wp-content\/uploads\/2026\/04\/epas.png\",\"width\":600,\"height\":350},{\"@type\":\"BreadcrumbList\",\"@id\":\"https:\/\/aevaledeste.pt\/site\/encontro-de-embaixadores-seniores-epas\/#breadcrumb\",\"itemListElement\":[{\"@type\":\"ListItem\",\"position\":1,\"name\":\"In\u00edcio\",\"item\":\"https:\/\/aevaledeste.pt\/site\/\"},{\"@type\":\"ListItem\",\"position\":2,\"name\":\"Encontro de Embaixadores Seniores EPAS\"}]},{\"@type\":\"WebSite\",\"@id\":\"https:\/\/aevaledeste.pt\/site\/#website\",\"url\":\"https:\/\/aevaledeste.pt\/site\/\",\"name\":\"Agrupamento de Escolas de Vale D&#039;Este\",\"description\":\"Faz a tua escolha!\",\"publisher\":{\"@id\":\"https:\/\/aevaledeste.pt\/site\/#organization\"},\"potentialAction\":[{\"@type\":\"SearchAction\",\"target\":{\"@type\":\"EntryPoint\",\"urlTemplate\":\"https:\/\/aevaledeste.pt\/site\/?s={search_term_string}\"},\"query-input\":{\"@type\":\"PropertyValueSpecification\",\"valueRequired\":true,\"valueName\":\"search_term_string\"}}],\"inLanguage\":\"pt-PT\"},{\"@type\":\"Organization\",\"@id\":\"https:\/\/aevaledeste.pt\/site\/#organization\",\"name\":\"Agrupamento de Escolas de Vale D&#039;Este\",\"url\":\"https:\/\/aevaledeste.pt\/site\/\",\"logo\":{\"@type\":\"ImageObject\",\"inLanguage\":\"pt-PT\",\"@id\":\"https:\/\/aevaledeste.pt\/site\/#\/schema\/logo\/image\/\",\"url\":\"https:\/\/aevaledeste.pt\/site\/wp-content\/uploads\/2022\/09\/1-e1664446422139.png\",\"contentUrl\":\"https:\/\/aevaledeste.pt\/site\/wp-content\/uploads\/2022\/09\/1-e1664446422139.png\",\"width\":600,\"height\":78,\"caption\":\"Agrupamento de Escolas de Vale D&#039;Este\"},\"image\":{\"@id\":\"https:\/\/aevaledeste.pt\/site\/#\/schema\/logo\/image\/\"}},{\"@type\":\"Person\",\"@id\":\"https:\/\/aevaledeste.pt\/site\/#\/schema\/person\/7aedd04578439e4ebc023ee04390ddd5\",\"name\":\"Agrupamento de Escolas De Vale D'Este\",\"image\":{\"@type\":\"ImageObject\",\"inLanguage\":\"pt-PT\",\"@id\":\"https:\/\/aevaledeste.pt\/site\/#\/schema\/person\/image\/\",\"url\":\"https:\/\/secure.gravatar.com\/avatar\/17cc01e9d7154b6e3eb494fe0786922a12c603458f3d4d50e11698f8b9953d74?s=96&d=mm&r=g\",\"contentUrl\":\"https:\/\/secure.gravatar.com\/avatar\/17cc01e9d7154b6e3eb494fe0786922a12c603458f3d4d50e11698f8b9953d74?s=96&d=mm&r=g\",\"caption\":\"Agrupamento de Escolas De Vale D'Este\"},\"url\":\"https:\/\/aevaledeste.pt\/site\/author\/aeve\/\"}]}<\/script>\n<!-- \/ Yoast SEO plugin. -->","yoast_head_json":{"title":"Encontro de Embaixadores Seniores EPAS - Agrupamento de Escolas de Vale D&#039;Este","robots":{"index":"index","follow":"follow","max-snippet":"max-snippet:-1","max-image-preview":"max-image-preview:large","max-video-preview":"max-video-preview:-1"},"canonical":"https:\/\/aevaledeste.pt\/site\/encontro-de-embaixadores-seniores-epas\/","og_locale":"pt_PT","og_type":"article","og_title":"Encontro de Embaixadores Seniores EPAS - Agrupamento de Escolas de Vale D&#039;Este","og_description":"No passado fim de semana, dias 17 e 18, a Escola Secund\u00e1ria S\u00e1 da Bandeira, em Santar\u00e9m, foi palco do inspirador \u00abEncontro de Embaixadores Seniores EPAS\u00bb. Foram dois dias marcados por partilhas genu\u00ednas, boa disposi\u00e7\u00e3o e uma reflex\u00e3o profunda sobre a Europa que nos une.&nbsp;&hellip;","og_url":"https:\/\/aevaledeste.pt\/site\/encontro-de-embaixadores-seniores-epas\/","og_site_name":"Agrupamento de Escolas de Vale D&#039;Este","article_published_time":"2026-04-27T10:07:48+00:00","article_modified_time":"2026-04-27T10:10:20+00:00","og_image":[{"width":600,"height":350,"url":"https:\/\/aevaledeste.pt\/site\/wp-content\/uploads\/2026\/04\/epas.png","type":"image\/png"}],"author":"Agrupamento de Escolas De Vale D'Este","twitter_card":"summary_large_image","twitter_misc":{"Escrito por":"Agrupamento de Escolas De Vale D'Este","Tempo estimado de leitura":"2 minutos"},"schema":{"@context":"https:\/\/schema.org","@graph":[{"@type":"Article","@id":"https:\/\/aevaledeste.pt\/site\/encontro-de-embaixadores-seniores-epas\/#article","isPartOf":{"@id":"https:\/\/aevaledeste.pt\/site\/encontro-de-embaixadores-seniores-epas\/"},"author":{"name":"Agrupamento de Escolas De Vale D'Este","@id":"https:\/\/aevaledeste.pt\/site\/#\/schema\/person\/7aedd04578439e4ebc023ee04390ddd5"},"headline":"Encontro de Embaixadores Seniores EPAS","datePublished":"2026-04-27T10:07:48+00:00","dateModified":"2026-04-27T10:10:20+00:00","mainEntityOfPage":{"@id":"https:\/\/aevaledeste.pt\/site\/encontro-de-embaixadores-seniores-epas\/"},"wordCount":180,"publisher":{"@id":"https:\/\/aevaledeste.pt\/site\/#organization"},"image":{"@id":"https:\/\/aevaledeste.pt\/site\/encontro-de-embaixadores-seniores-epas\/#primaryimage"},"thumbnailUrl":"https:\/\/aevaledeste.pt\/site\/wp-content\/uploads\/2026\/04\/epas.png","articleSection":["Destaques","Noticias"],"inLanguage":"pt-PT"},{"@type":"WebPage","@id":"https:\/\/aevaledeste.pt\/site\/encontro-de-embaixadores-seniores-epas\/","url":"https:\/\/aevaledeste.pt\/site\/encontro-de-embaixadores-seniores-epas\/","name":"Encontro de Embaixadores Seniores EPAS - Agrupamento de Escolas de Vale D&#039;Este","isPartOf":{"@id":"https:\/\/aevaledeste.pt\/site\/#website"},"primaryImageOfPage":{"@id":"https:\/\/aevaledeste.pt\/site\/encontro-de-embaixadores-seniores-epas\/#primaryimage"},"image":{"@id":"https:\/\/aevaledeste.pt\/site\/encontro-de-embaixadores-seniores-epas\/#primaryimage"},"thumbnailUrl":"https:\/\/aevaledeste.pt\/site\/wp-content\/uploads\/2026\/04\/epas.png","datePublished":"2026-04-27T10:07:48+00:00","dateModified":"2026-04-27T10:10:20+00:00","breadcrumb":{"@id":"https:\/\/aevaledeste.pt\/site\/encontro-de-embaixadores-seniores-epas\/#breadcrumb"},"inLanguage":"pt-PT","potentialAction":[{"@type":"ReadAction","target":["https:\/\/aevaledeste.pt\/site\/encontro-de-embaixadores-seniores-epas\/"]}]},{"@type":"ImageObject","inLanguage":"pt-PT","@id":"https:\/\/aevaledeste.pt\/site\/encontro-de-embaixadores-seniores-epas\/#primaryimage","url":"https:\/\/aevaledeste.pt\/site\/wp-content\/uploads\/2026\/04\/epas.png","contentUrl":"https:\/\/aevaledeste.pt\/site\/wp-content\/uploads\/2026\/04\/epas.png","width":600,"height":350},{"@type":"BreadcrumbList","@id":"https:\/\/aevaledeste.pt\/site\/encontro-de-embaixadores-seniores-epas\/#breadcrumb","itemListElement":[{"@type":"ListItem","position":1,"name":"In\u00edcio","item":"https:\/\/aevaledeste.pt\/site\/"},{"@type":"ListItem","position":2,"name":"Encontro de Embaixadores Seniores EPAS"}]},{"@type":"WebSite","@id":"https:\/\/aevaledeste.pt\/site\/#website","url":"https:\/\/aevaledeste.pt\/site\/","name":"Agrupamento de Escolas de Vale D&#039;Este","description":"Faz a tua escolha!","publisher":{"@id":"https:\/\/aevaledeste.pt\/site\/#organization"},"potentialAction":[{"@type":"SearchAction","target":{"@type":"EntryPoint","urlTemplate":"https:\/\/aevaledeste.pt\/site\/?s={search_term_string}"},"query-input":{"@type":"PropertyValueSpecification","valueRequired":true,"valueName":"search_term_string"}}],"inLanguage":"pt-PT"},{"@type":"Organization","@id":"https:\/\/aevaledeste.pt\/site\/#organization","name":"Agrupamento de Escolas de Vale D&#039;Este","url":"https:\/\/aevaledeste.pt\/site\/","logo":{"@type":"ImageObject","inLanguage":"pt-PT","@id":"https:\/\/aevaledeste.pt\/site\/#\/schema\/logo\/image\/","url":"https:\/\/aevaledeste.pt\/site\/wp-content\/uploads\/2022\/09\/1-e1664446422139.png","contentUrl":"https:\/\/aevaledeste.pt\/site\/wp-content\/uploads\/2022\/09\/1-e1664446422139.png","width":600,"height":78,"caption":"Agrupamento de Escolas de Vale D&#039;Este"},"image":{"@id":"https:\/\/aevaledeste.pt\/site\/#\/schema\/logo\/image\/"}},{"@type":"Person","@id":"https:\/\/aevaledeste.pt\/site\/#\/schema\/person\/7aedd04578439e4ebc023ee04390ddd5","name":"Agrupamento de Escolas De Vale D'Este","image":{"@type":"ImageObject","inLanguage":"pt-PT","@id":"https:\/\/aevaledeste.pt\/site\/#\/schema\/person\/image\/","url":"https:\/\/secure.gravatar.com\/avatar\/17cc01e9d7154b6e3eb494fe0786922a12c603458f3d4d50e11698f8b9953d74?s=96&d=mm&r=g","contentUrl":"https:\/\/secure.gravatar.com\/avatar\/17cc01e9d7154b6e3eb494fe0786922a12c603458f3d4d50e11698f8b9953d74?s=96&d=mm&r=g","caption":"Agrupamento de Escolas De Vale D'Este"},"url":"https:\/\/aevaledeste.pt\/site\/author\/aeve\/"}]}},"_links":{"self":[{"href":"https:\/\/aevaledeste.pt\/site\/wp-json\/wp\/v2\/posts\/10761","targetHints":{"allow":["GET"]}}],"collection":[{"href":"https:\/\/aevaledeste.pt\/site\/wp-json\/wp\/v2\/posts"}],"about":[{"href":"https:\/\/aevaledeste.pt\/site\/wp-json\/wp\/v2\/types\/post"}],"author":[{"embeddable":true,"href":"https:\/\/aevaledeste.pt\/site\/wp-json\/wp\/v2\/users\/5"}],"replies":[{"embeddable":true,"href":"https:\/\/aevaledeste.pt\/site\/wp-json\/wp\/v2\/comments?post=10761"}],"version-history":[{"count":5,"href":"https:\/\/aevaledeste.pt\/site\/wp-json\/wp\/v2\/posts\/10761\/revisions"}],"predecessor-version":[{"id":10771,"href":"https:\/\/aevaledeste.pt\/site\/wp-json\/wp\/v2\/posts\/10761\/revisions\/10771"}],"wp:featuredmedia":[{"embeddable":true,"href":"https:\/\/aevaledeste.pt\/site\/wp-json\/wp\/v2\/media\/10762"}],"wp:attachment":[{"href":"https:\/\/aevaledeste.pt\/site\/wp-json\/wp\/v2\/media?parent=10761"}],"wp:term":[{"taxonomy":"category","embeddable":true,"href":"https:\/\/aevaledeste.pt\/site\/wp-json\/wp\/v2\/categories?post=10761"},{"taxonomy":"post_tag","embeddable":true,"href":"https:\/\/aevaledeste.pt\/site\/wp-json\/wp\/v2\/tags?post=10761"}],"curies":[{"name":"wp","href":"https:\/\/api.w.org\/{rel}","templated":true}]}}