{"id":10563,"date":"2026-04-01T13:37:58","date_gmt":"2026-04-01T13:37:58","guid":{"rendered":"https:\/\/aevaledeste.pt\/site\/?p=10563"},"modified":"2026-04-01T13:46:59","modified_gmt":"2026-04-01T13:46:59","slug":"alunos-do-5-o-ao-9-o-ano-participam-no-videojogo-rayuela","status":"publish","type":"post","link":"https:\/\/aevaledeste.pt\/site\/alunos-do-5-o-ao-9-o-ano-participam-no-videojogo-rayuela\/","title":{"rendered":"Alunos do 5.\u00ba ao 9.\u00ba ano participaram no RAYUELA"},"content":{"rendered":"\t\t<div data-elementor-type=\"wp-post\" data-elementor-id=\"10563\" class=\"elementor elementor-10563\">\n\t\t\t\t\t\t<section class=\"elementor-section elementor-top-section elementor-element elementor-element-e82e10c elementor-section-boxed elementor-section-height-default elementor-section-height-default\" data-id=\"e82e10c\" data-element_type=\"section\">\n\t\t\t\t\t\t<div class=\"elementor-container elementor-column-gap-default\">\n\t\t\t\t\t<div class=\"elementor-column elementor-col-100 elementor-top-column elementor-element elementor-element-7d7fe5e\" data-id=\"7d7fe5e\" data-element_type=\"column\">\n\t\t\t<div class=\"elementor-widget-wrap elementor-element-populated\">\n\t\t\t\t\t\t<div class=\"elementor-element elementor-element-5aa9630 elementor-widget elementor-widget-text-editor\" data-id=\"5aa9630\" data-element_type=\"widget\" data-widget_type=\"text-editor.default\">\n\t\t\t\t<div class=\"elementor-widget-container\">\n\t\t\t\t\t\t\t<p>Os alunos do 5.\u00ba ao 9.\u00ba ano participaram no 2.\u00ba per\u00edodo numa experi\u00eancia educativa inovadora atrav\u00e9s do videojogo <strong>RAYUELA<\/strong>, uma ferramenta did\u00e1tica e interativa criada para sensibilizar crian\u00e7as e jovens para os perigos e desafios da internet.<\/p><p>A atividade foi desenvolvida nas aulas de <strong>CEA \u2013 MART (Multim\u00e9dia e Arte)<\/strong> e esteve a cargo do <strong>grupo disciplinar 550<\/strong>, envolvendo centenas de estudantes que exploraram as seis ciberaventuras do jogo. Ao longo da experi\u00eancia, os alunos foram convidados a tomar decis\u00f5es em diferentes situa\u00e7\u00f5es do quotidiano digital, refletindo sobre comportamentos e consequ\u00eancias no mundo online.<\/p><p>A participa\u00e7\u00e3o dos alunos nesta atividade permitiu <strong>refor\u00e7ar a consci\u00eancia sobre o uso respons\u00e1vel da internet<\/strong>, promovendo compet\u00eancias digitais e incentivando a reflex\u00e3o sobre comportamentos online, num ambiente de aprendizagem din\u00e2mico e interativo.<\/p><p style=\"text-align: right;\">A Subcoordenadora de Grupo Disciplinar 550<\/p><p style=\"text-align: right;\">\u00c2ngela Viegas<\/p>\t\t\t\t\t\t<\/div>\n\t\t\t\t<\/div>\n\t\t\t\t<div class=\"elementor-element elementor-element-bd70869 elementor-arrows-position-inside elementor-pagination-position-outside elementor-widget elementor-widget-image-carousel\" data-id=\"bd70869\" data-element_type=\"widget\" data-settings=\"{&quot;navigation&quot;:&quot;both&quot;,&quot;autoplay&quot;:&quot;yes&quot;,&quot;pause_on_hover&quot;:&quot;yes&quot;,&quot;pause_on_interaction&quot;:&quot;yes&quot;,&quot;autoplay_speed&quot;:5000,&quot;infinite&quot;:&quot;yes&quot;,&quot;speed&quot;:500}\" data-widget_type=\"image-carousel.default\">\n\t\t\t\t<div class=\"elementor-widget-container\">\n\t\t\t\t\t<div class=\"elementor-image-carousel-wrapper swiper\" dir=\"ltr\">\n\t\t\t<div class=\"elementor-image-carousel swiper-wrapper\" aria-live=\"off\">\n\t\t\t\t\t\t\t\t<div class=\"swiper-slide\" role=\"group\" aria-roledescription=\"slide\" aria-label=\"1 of 5\"><figure class=\"swiper-slide-inner\"><img decoding=\"async\" class=\"swiper-slide-image\" src=\"https:\/\/aevaledeste.pt\/site\/wp-content\/uploads\/2026\/04\/20260317_143540-300x225.jpg\" alt=\"20260317_143540\" \/><\/figure><\/div><div class=\"swiper-slide\" role=\"group\" aria-roledescription=\"slide\" aria-label=\"2 of 5\"><figure class=\"swiper-slide-inner\"><img decoding=\"async\" class=\"swiper-slide-image\" src=\"https:\/\/aevaledeste.pt\/site\/wp-content\/uploads\/2026\/04\/20260317_143542-300x225.jpg\" alt=\"20260317_143542\" \/><\/figure><\/div><div class=\"swiper-slide\" role=\"group\" aria-roledescription=\"slide\" aria-label=\"3 of 5\"><figure class=\"swiper-slide-inner\"><img decoding=\"async\" class=\"swiper-slide-image\" src=\"https:\/\/aevaledeste.pt\/site\/wp-content\/uploads\/2026\/04\/20260316_162758-300x225.jpg\" alt=\"20260316_162758\" \/><\/figure><\/div><div class=\"swiper-slide\" role=\"group\" aria-roledescription=\"slide\" aria-label=\"4 of 5\"><figure class=\"swiper-slide-inner\"><img decoding=\"async\" class=\"swiper-slide-image\" src=\"https:\/\/aevaledeste.pt\/site\/wp-content\/uploads\/2026\/04\/20260317_143523-300x225.jpg\" alt=\"20260317_143523\" \/><\/figure><\/div><div class=\"swiper-slide\" role=\"group\" aria-roledescription=\"slide\" aria-label=\"5 of 5\"><figure class=\"swiper-slide-inner\"><img decoding=\"async\" class=\"swiper-slide-image\" src=\"https:\/\/aevaledeste.pt\/site\/wp-content\/uploads\/2026\/04\/r-300x225.png\" alt=\"r\" \/><\/figure><\/div>\t\t\t<\/div>\n\t\t\t\t\t\t\t\t\t\t\t\t<div class=\"elementor-swiper-button elementor-swiper-button-prev\" role=\"button\" tabindex=\"0\">\n\t\t\t\t\t\t<i aria-hidden=\"true\" class=\"eicon-chevron-left\"><\/i>\t\t\t\t\t<\/div>\n\t\t\t\t\t<div class=\"elementor-swiper-button elementor-swiper-button-next\" role=\"button\" tabindex=\"0\">\n\t\t\t\t\t\t<i aria-hidden=\"true\" class=\"eicon-chevron-right\"><\/i>\t\t\t\t\t<\/div>\n\t\t\t\t\n\t\t\t\t\t\t\t\t\t<div class=\"swiper-pagination\"><\/div>\n\t\t\t\t\t\t\t\t\t<\/div>\n\t\t\t\t<\/div>\n\t\t\t\t<\/div>\n\t\t\t\t\t<\/div>\n\t\t<\/div>\n\t\t\t\t\t<\/div>\n\t\t<\/section>\n\t\t\t\t<\/div>\n\t\t","protected":false},"excerpt":{"rendered":"<p>Os alunos do 5.\u00ba ao 9.\u00ba ano participaram no 2.\u00ba per\u00edodo numa experi\u00eancia educativa inovadora atrav\u00e9s do videojogo RAYUELA, uma ferramenta did\u00e1tica e interativa criada para sensibilizar crian\u00e7as e jovens para os perigos e desafios da internet. A atividade foi desenvolvida nas aulas de CEA&nbsp;<a href=\"https:\/\/aevaledeste.pt\/site\/alunos-do-5-o-ao-9-o-ano-participam-no-videojogo-rayuela\/\">&hellip;<\/a><\/p>\n","protected":false},"author":5,"featured_media":10577,"comment_status":"closed","ping_status":"closed","sticky":false,"template":"","format":"standard","meta":{"footnotes":""},"categories":[46,1],"tags":[],"class_list":["post-10563","post","type-post","status-publish","format-standard","has-post-thumbnail","hentry","category-destaques","category-noticias","odd"],"yoast_head":"<!-- This site is optimized with the Yoast SEO plugin v23.7 - https:\/\/yoast.com\/wordpress\/plugins\/seo\/ -->\n<title>Alunos do 5.\u00ba ao 9.\u00ba ano participaram no RAYUELA - Agrupamento de Escolas de Vale D&#039;Este<\/title>\n<meta name=\"robots\" content=\"index, follow, max-snippet:-1, max-image-preview:large, max-video-preview:-1\" \/>\n<link rel=\"canonical\" href=\"https:\/\/aevaledeste.pt\/site\/alunos-do-5-o-ao-9-o-ano-participam-no-videojogo-rayuela\/\" \/>\n<meta property=\"og:locale\" content=\"pt_PT\" \/>\n<meta property=\"og:type\" content=\"article\" \/>\n<meta property=\"og:title\" content=\"Alunos do 5.\u00ba ao 9.\u00ba ano participaram no RAYUELA - Agrupamento de Escolas de Vale D&#039;Este\" \/>\n<meta property=\"og:description\" content=\"Os alunos do 5.\u00ba ao 9.\u00ba ano participaram no 2.\u00ba per\u00edodo numa experi\u00eancia educativa inovadora atrav\u00e9s do videojogo RAYUELA, uma ferramenta did\u00e1tica e interativa criada para sensibilizar crian\u00e7as e jovens para os perigos e desafios da internet. A atividade foi desenvolvida nas aulas de CEA&nbsp;&hellip;\" \/>\n<meta property=\"og:url\" content=\"https:\/\/aevaledeste.pt\/site\/alunos-do-5-o-ao-9-o-ano-participam-no-videojogo-rayuela\/\" \/>\n<meta property=\"og:site_name\" content=\"Agrupamento de Escolas de Vale D&#039;Este\" \/>\n<meta property=\"article:published_time\" content=\"2026-04-01T13:37:58+00:00\" \/>\n<meta property=\"article:modified_time\" content=\"2026-04-01T13:46:59+00:00\" \/>\n<meta property=\"og:image\" content=\"https:\/\/aevaledeste.pt\/site\/wp-content\/uploads\/2026\/04\/ray.png\" \/>\n\t<meta property=\"og:image:width\" content=\"600\" \/>\n\t<meta property=\"og:image:height\" content=\"350\" \/>\n\t<meta property=\"og:image:type\" content=\"image\/png\" \/>\n<meta name=\"author\" content=\"Agrupamento de Escolas De Vale D&#039;Este\" \/>\n<meta name=\"twitter:card\" content=\"summary_large_image\" \/>\n<meta name=\"twitter:label1\" content=\"Escrito por\" \/>\n\t<meta name=\"twitter:data1\" content=\"Agrupamento de Escolas De Vale D&#039;Este\" \/>\n\t<meta name=\"twitter:label2\" content=\"Tempo estimado de leitura\" \/>\n\t<meta name=\"twitter:data2\" content=\"2 minutos\" \/>\n<script type=\"application\/ld+json\" class=\"yoast-schema-graph\">{\"@context\":\"https:\/\/schema.org\",\"@graph\":[{\"@type\":\"Article\",\"@id\":\"https:\/\/aevaledeste.pt\/site\/alunos-do-5-o-ao-9-o-ano-participam-no-videojogo-rayuela\/#article\",\"isPartOf\":{\"@id\":\"https:\/\/aevaledeste.pt\/site\/alunos-do-5-o-ao-9-o-ano-participam-no-videojogo-rayuela\/\"},\"author\":{\"name\":\"Agrupamento de Escolas De Vale D'Este\",\"@id\":\"https:\/\/aevaledeste.pt\/site\/#\/schema\/person\/7aedd04578439e4ebc023ee04390ddd5\"},\"headline\":\"Alunos do 5.\u00ba ao 9.\u00ba ano participaram no RAYUELA\",\"datePublished\":\"2026-04-01T13:37:58+00:00\",\"dateModified\":\"2026-04-01T13:46:59+00:00\",\"mainEntityOfPage\":{\"@id\":\"https:\/\/aevaledeste.pt\/site\/alunos-do-5-o-ao-9-o-ano-participam-no-videojogo-rayuela\/\"},\"wordCount\":153,\"publisher\":{\"@id\":\"https:\/\/aevaledeste.pt\/site\/#organization\"},\"image\":{\"@id\":\"https:\/\/aevaledeste.pt\/site\/alunos-do-5-o-ao-9-o-ano-participam-no-videojogo-rayuela\/#primaryimage\"},\"thumbnailUrl\":\"https:\/\/aevaledeste.pt\/site\/wp-content\/uploads\/2026\/04\/ray.png\",\"articleSection\":[\"Destaques\",\"Noticias\"],\"inLanguage\":\"pt-PT\"},{\"@type\":\"WebPage\",\"@id\":\"https:\/\/aevaledeste.pt\/site\/alunos-do-5-o-ao-9-o-ano-participam-no-videojogo-rayuela\/\",\"url\":\"https:\/\/aevaledeste.pt\/site\/alunos-do-5-o-ao-9-o-ano-participam-no-videojogo-rayuela\/\",\"name\":\"Alunos do 5.\u00ba ao 9.\u00ba ano participaram no RAYUELA - Agrupamento de Escolas de Vale D&#039;Este\",\"isPartOf\":{\"@id\":\"https:\/\/aevaledeste.pt\/site\/#website\"},\"primaryImageOfPage\":{\"@id\":\"https:\/\/aevaledeste.pt\/site\/alunos-do-5-o-ao-9-o-ano-participam-no-videojogo-rayuela\/#primaryimage\"},\"image\":{\"@id\":\"https:\/\/aevaledeste.pt\/site\/alunos-do-5-o-ao-9-o-ano-participam-no-videojogo-rayuela\/#primaryimage\"},\"thumbnailUrl\":\"https:\/\/aevaledeste.pt\/site\/wp-content\/uploads\/2026\/04\/ray.png\",\"datePublished\":\"2026-04-01T13:37:58+00:00\",\"dateModified\":\"2026-04-01T13:46:59+00:00\",\"breadcrumb\":{\"@id\":\"https:\/\/aevaledeste.pt\/site\/alunos-do-5-o-ao-9-o-ano-participam-no-videojogo-rayuela\/#breadcrumb\"},\"inLanguage\":\"pt-PT\",\"potentialAction\":[{\"@type\":\"ReadAction\",\"target\":[\"https:\/\/aevaledeste.pt\/site\/alunos-do-5-o-ao-9-o-ano-participam-no-videojogo-rayuela\/\"]}]},{\"@type\":\"ImageObject\",\"inLanguage\":\"pt-PT\",\"@id\":\"https:\/\/aevaledeste.pt\/site\/alunos-do-5-o-ao-9-o-ano-participam-no-videojogo-rayuela\/#primaryimage\",\"url\":\"https:\/\/aevaledeste.pt\/site\/wp-content\/uploads\/2026\/04\/ray.png\",\"contentUrl\":\"https:\/\/aevaledeste.pt\/site\/wp-content\/uploads\/2026\/04\/ray.png\",\"width\":600,\"height\":350},{\"@type\":\"BreadcrumbList\",\"@id\":\"https:\/\/aevaledeste.pt\/site\/alunos-do-5-o-ao-9-o-ano-participam-no-videojogo-rayuela\/#breadcrumb\",\"itemListElement\":[{\"@type\":\"ListItem\",\"position\":1,\"name\":\"In\u00edcio\",\"item\":\"https:\/\/aevaledeste.pt\/site\/\"},{\"@type\":\"ListItem\",\"position\":2,\"name\":\"Alunos do 5.\u00ba ao 9.\u00ba ano participaram no RAYUELA\"}]},{\"@type\":\"WebSite\",\"@id\":\"https:\/\/aevaledeste.pt\/site\/#website\",\"url\":\"https:\/\/aevaledeste.pt\/site\/\",\"name\":\"Agrupamento de Escolas de Vale D&#039;Este\",\"description\":\"Faz a tua escolha!\",\"publisher\":{\"@id\":\"https:\/\/aevaledeste.pt\/site\/#organization\"},\"potentialAction\":[{\"@type\":\"SearchAction\",\"target\":{\"@type\":\"EntryPoint\",\"urlTemplate\":\"https:\/\/aevaledeste.pt\/site\/?s={search_term_string}\"},\"query-input\":{\"@type\":\"PropertyValueSpecification\",\"valueRequired\":true,\"valueName\":\"search_term_string\"}}],\"inLanguage\":\"pt-PT\"},{\"@type\":\"Organization\",\"@id\":\"https:\/\/aevaledeste.pt\/site\/#organization\",\"name\":\"Agrupamento de Escolas de Vale D&#039;Este\",\"url\":\"https:\/\/aevaledeste.pt\/site\/\",\"logo\":{\"@type\":\"ImageObject\",\"inLanguage\":\"pt-PT\",\"@id\":\"https:\/\/aevaledeste.pt\/site\/#\/schema\/logo\/image\/\",\"url\":\"https:\/\/aevaledeste.pt\/site\/wp-content\/uploads\/2022\/09\/1-e1664446422139.png\",\"contentUrl\":\"https:\/\/aevaledeste.pt\/site\/wp-content\/uploads\/2022\/09\/1-e1664446422139.png\",\"width\":600,\"height\":78,\"caption\":\"Agrupamento de Escolas de Vale D&#039;Este\"},\"image\":{\"@id\":\"https:\/\/aevaledeste.pt\/site\/#\/schema\/logo\/image\/\"}},{\"@type\":\"Person\",\"@id\":\"https:\/\/aevaledeste.pt\/site\/#\/schema\/person\/7aedd04578439e4ebc023ee04390ddd5\",\"name\":\"Agrupamento de Escolas De Vale D'Este\",\"image\":{\"@type\":\"ImageObject\",\"inLanguage\":\"pt-PT\",\"@id\":\"https:\/\/aevaledeste.pt\/site\/#\/schema\/person\/image\/\",\"url\":\"https:\/\/secure.gravatar.com\/avatar\/17cc01e9d7154b6e3eb494fe0786922a12c603458f3d4d50e11698f8b9953d74?s=96&d=mm&r=g\",\"contentUrl\":\"https:\/\/secure.gravatar.com\/avatar\/17cc01e9d7154b6e3eb494fe0786922a12c603458f3d4d50e11698f8b9953d74?s=96&d=mm&r=g\",\"caption\":\"Agrupamento de Escolas De Vale D'Este\"},\"url\":\"https:\/\/aevaledeste.pt\/site\/author\/aeve\/\"}]}<\/script>\n<!-- \/ Yoast SEO plugin. -->","yoast_head_json":{"title":"Alunos do 5.\u00ba ao 9.\u00ba ano participaram no RAYUELA - Agrupamento de Escolas de Vale D&#039;Este","robots":{"index":"index","follow":"follow","max-snippet":"max-snippet:-1","max-image-preview":"max-image-preview:large","max-video-preview":"max-video-preview:-1"},"canonical":"https:\/\/aevaledeste.pt\/site\/alunos-do-5-o-ao-9-o-ano-participam-no-videojogo-rayuela\/","og_locale":"pt_PT","og_type":"article","og_title":"Alunos do 5.\u00ba ao 9.\u00ba ano participaram no RAYUELA - Agrupamento de Escolas de Vale D&#039;Este","og_description":"Os alunos do 5.\u00ba ao 9.\u00ba ano participaram no 2.\u00ba per\u00edodo numa experi\u00eancia educativa inovadora atrav\u00e9s do videojogo RAYUELA, uma ferramenta did\u00e1tica e interativa criada para sensibilizar crian\u00e7as e jovens para os perigos e desafios da internet. A atividade foi desenvolvida nas aulas de CEA&nbsp;&hellip;","og_url":"https:\/\/aevaledeste.pt\/site\/alunos-do-5-o-ao-9-o-ano-participam-no-videojogo-rayuela\/","og_site_name":"Agrupamento de Escolas de Vale D&#039;Este","article_published_time":"2026-04-01T13:37:58+00:00","article_modified_time":"2026-04-01T13:46:59+00:00","og_image":[{"width":600,"height":350,"url":"https:\/\/aevaledeste.pt\/site\/wp-content\/uploads\/2026\/04\/ray.png","type":"image\/png"}],"author":"Agrupamento de Escolas De Vale D'Este","twitter_card":"summary_large_image","twitter_misc":{"Escrito por":"Agrupamento de Escolas De Vale D'Este","Tempo estimado de leitura":"2 minutos"},"schema":{"@context":"https:\/\/schema.org","@graph":[{"@type":"Article","@id":"https:\/\/aevaledeste.pt\/site\/alunos-do-5-o-ao-9-o-ano-participam-no-videojogo-rayuela\/#article","isPartOf":{"@id":"https:\/\/aevaledeste.pt\/site\/alunos-do-5-o-ao-9-o-ano-participam-no-videojogo-rayuela\/"},"author":{"name":"Agrupamento de Escolas De Vale D'Este","@id":"https:\/\/aevaledeste.pt\/site\/#\/schema\/person\/7aedd04578439e4ebc023ee04390ddd5"},"headline":"Alunos do 5.\u00ba ao 9.\u00ba ano participaram no RAYUELA","datePublished":"2026-04-01T13:37:58+00:00","dateModified":"2026-04-01T13:46:59+00:00","mainEntityOfPage":{"@id":"https:\/\/aevaledeste.pt\/site\/alunos-do-5-o-ao-9-o-ano-participam-no-videojogo-rayuela\/"},"wordCount":153,"publisher":{"@id":"https:\/\/aevaledeste.pt\/site\/#organization"},"image":{"@id":"https:\/\/aevaledeste.pt\/site\/alunos-do-5-o-ao-9-o-ano-participam-no-videojogo-rayuela\/#primaryimage"},"thumbnailUrl":"https:\/\/aevaledeste.pt\/site\/wp-content\/uploads\/2026\/04\/ray.png","articleSection":["Destaques","Noticias"],"inLanguage":"pt-PT"},{"@type":"WebPage","@id":"https:\/\/aevaledeste.pt\/site\/alunos-do-5-o-ao-9-o-ano-participam-no-videojogo-rayuela\/","url":"https:\/\/aevaledeste.pt\/site\/alunos-do-5-o-ao-9-o-ano-participam-no-videojogo-rayuela\/","name":"Alunos do 5.\u00ba ao 9.\u00ba ano participaram no RAYUELA - Agrupamento de Escolas de Vale D&#039;Este","isPartOf":{"@id":"https:\/\/aevaledeste.pt\/site\/#website"},"primaryImageOfPage":{"@id":"https:\/\/aevaledeste.pt\/site\/alunos-do-5-o-ao-9-o-ano-participam-no-videojogo-rayuela\/#primaryimage"},"image":{"@id":"https:\/\/aevaledeste.pt\/site\/alunos-do-5-o-ao-9-o-ano-participam-no-videojogo-rayuela\/#primaryimage"},"thumbnailUrl":"https:\/\/aevaledeste.pt\/site\/wp-content\/uploads\/2026\/04\/ray.png","datePublished":"2026-04-01T13:37:58+00:00","dateModified":"2026-04-01T13:46:59+00:00","breadcrumb":{"@id":"https:\/\/aevaledeste.pt\/site\/alunos-do-5-o-ao-9-o-ano-participam-no-videojogo-rayuela\/#breadcrumb"},"inLanguage":"pt-PT","potentialAction":[{"@type":"ReadAction","target":["https:\/\/aevaledeste.pt\/site\/alunos-do-5-o-ao-9-o-ano-participam-no-videojogo-rayuela\/"]}]},{"@type":"ImageObject","inLanguage":"pt-PT","@id":"https:\/\/aevaledeste.pt\/site\/alunos-do-5-o-ao-9-o-ano-participam-no-videojogo-rayuela\/#primaryimage","url":"https:\/\/aevaledeste.pt\/site\/wp-content\/uploads\/2026\/04\/ray.png","contentUrl":"https:\/\/aevaledeste.pt\/site\/wp-content\/uploads\/2026\/04\/ray.png","width":600,"height":350},{"@type":"BreadcrumbList","@id":"https:\/\/aevaledeste.pt\/site\/alunos-do-5-o-ao-9-o-ano-participam-no-videojogo-rayuela\/#breadcrumb","itemListElement":[{"@type":"ListItem","position":1,"name":"In\u00edcio","item":"https:\/\/aevaledeste.pt\/site\/"},{"@type":"ListItem","position":2,"name":"Alunos do 5.\u00ba ao 9.\u00ba ano participaram no RAYUELA"}]},{"@type":"WebSite","@id":"https:\/\/aevaledeste.pt\/site\/#website","url":"https:\/\/aevaledeste.pt\/site\/","name":"Agrupamento de Escolas de Vale D&#039;Este","description":"Faz a tua escolha!","publisher":{"@id":"https:\/\/aevaledeste.pt\/site\/#organization"},"potentialAction":[{"@type":"SearchAction","target":{"@type":"EntryPoint","urlTemplate":"https:\/\/aevaledeste.pt\/site\/?s={search_term_string}"},"query-input":{"@type":"PropertyValueSpecification","valueRequired":true,"valueName":"search_term_string"}}],"inLanguage":"pt-PT"},{"@type":"Organization","@id":"https:\/\/aevaledeste.pt\/site\/#organization","name":"Agrupamento de Escolas de Vale D&#039;Este","url":"https:\/\/aevaledeste.pt\/site\/","logo":{"@type":"ImageObject","inLanguage":"pt-PT","@id":"https:\/\/aevaledeste.pt\/site\/#\/schema\/logo\/image\/","url":"https:\/\/aevaledeste.pt\/site\/wp-content\/uploads\/2022\/09\/1-e1664446422139.png","contentUrl":"https:\/\/aevaledeste.pt\/site\/wp-content\/uploads\/2022\/09\/1-e1664446422139.png","width":600,"height":78,"caption":"Agrupamento de Escolas de Vale D&#039;Este"},"image":{"@id":"https:\/\/aevaledeste.pt\/site\/#\/schema\/logo\/image\/"}},{"@type":"Person","@id":"https:\/\/aevaledeste.pt\/site\/#\/schema\/person\/7aedd04578439e4ebc023ee04390ddd5","name":"Agrupamento de Escolas De Vale D'Este","image":{"@type":"ImageObject","inLanguage":"pt-PT","@id":"https:\/\/aevaledeste.pt\/site\/#\/schema\/person\/image\/","url":"https:\/\/secure.gravatar.com\/avatar\/17cc01e9d7154b6e3eb494fe0786922a12c603458f3d4d50e11698f8b9953d74?s=96&d=mm&r=g","contentUrl":"https:\/\/secure.gravatar.com\/avatar\/17cc01e9d7154b6e3eb494fe0786922a12c603458f3d4d50e11698f8b9953d74?s=96&d=mm&r=g","caption":"Agrupamento de Escolas De Vale D'Este"},"url":"https:\/\/aevaledeste.pt\/site\/author\/aeve\/"}]}},"_links":{"self":[{"href":"https:\/\/aevaledeste.pt\/site\/wp-json\/wp\/v2\/posts\/10563","targetHints":{"allow":["GET"]}}],"collection":[{"href":"https:\/\/aevaledeste.pt\/site\/wp-json\/wp\/v2\/posts"}],"about":[{"href":"https:\/\/aevaledeste.pt\/site\/wp-json\/wp\/v2\/types\/post"}],"author":[{"embeddable":true,"href":"https:\/\/aevaledeste.pt\/site\/wp-json\/wp\/v2\/users\/5"}],"replies":[{"embeddable":true,"href":"https:\/\/aevaledeste.pt\/site\/wp-json\/wp\/v2\/comments?post=10563"}],"version-history":[{"count":7,"href":"https:\/\/aevaledeste.pt\/site\/wp-json\/wp\/v2\/posts\/10563\/revisions"}],"predecessor-version":[{"id":10579,"href":"https:\/\/aevaledeste.pt\/site\/wp-json\/wp\/v2\/posts\/10563\/revisions\/10579"}],"wp:featuredmedia":[{"embeddable":true,"href":"https:\/\/aevaledeste.pt\/site\/wp-json\/wp\/v2\/media\/10577"}],"wp:attachment":[{"href":"https:\/\/aevaledeste.pt\/site\/wp-json\/wp\/v2\/media?parent=10563"}],"wp:term":[{"taxonomy":"category","embeddable":true,"href":"https:\/\/aevaledeste.pt\/site\/wp-json\/wp\/v2\/categories?post=10563"},{"taxonomy":"post_tag","embeddable":true,"href":"https:\/\/aevaledeste.pt\/site\/wp-json\/wp\/v2\/tags?post=10563"}],"curies":[{"name":"wp","href":"https:\/\/api.w.org\/{rel}","templated":true}]}}