{"id":10555,"date":"2026-04-01T13:15:09","date_gmt":"2026-04-01T13:15:09","guid":{"rendered":"https:\/\/aevaledeste.pt\/site\/?p=10555"},"modified":"2026-04-01T13:44:39","modified_gmt":"2026-04-01T13:44:39","slug":"olimpiadas-de-quimica-mais-2026","status":"publish","type":"post","link":"https:\/\/aevaledeste.pt\/site\/olimpiadas-de-quimica-mais-2026\/","title":{"rendered":"Olimp\u00edadas de Qu\u00edmica Mais \u2013 2026"},"content":{"rendered":"\t\t<div data-elementor-type=\"wp-post\" data-elementor-id=\"10555\" class=\"elementor elementor-10555\">\n\t\t\t\t\t\t<section class=\"elementor-section elementor-top-section elementor-element elementor-element-4e338e0 elementor-section-boxed elementor-section-height-default elementor-section-height-default\" data-id=\"4e338e0\" data-element_type=\"section\">\n\t\t\t\t\t\t<div class=\"elementor-container elementor-column-gap-default\">\n\t\t\t\t\t<div class=\"elementor-column elementor-col-100 elementor-top-column elementor-element elementor-element-988548e\" data-id=\"988548e\" data-element_type=\"column\">\n\t\t\t<div class=\"elementor-widget-wrap elementor-element-populated\">\n\t\t\t\t\t\t<div class=\"elementor-element elementor-element-355ae3c elementor-widget elementor-widget-text-editor\" data-id=\"355ae3c\" data-element_type=\"widget\" data-widget_type=\"text-editor.default\">\n\t\t\t\t<div class=\"elementor-widget-container\">\n\t\t\t\t\t\t\t<p><strong>Olimp\u00edadas de Qu\u00edmica Mais \u2013 2026<\/strong><\/p><p><strong>\u00a0<\/strong><\/p><p>No passado dia 14 de mar\u00e7o de 2026, realizou-se, no Departamento de Qu\u00edmica da Escola de Ci\u00eancias da Universidade do Minho, mais uma edi\u00e7\u00e3o da semifinal das <strong>Olimp\u00edadas de Qu\u00edmica Mais<\/strong>, organizada em colabora\u00e7\u00e3o com a Sociedade Portuguesa de Qu\u00edmica.<\/p><p>O nosso Agrupamento esteve representado pela aluna Mafalda Pereira, do 10.\u00baA, e pelos alunos Afonso Barbosa e S\u00e9rgio Ribeiro, do 11.\u00baA, que participaram nesta iniciativa, integrando equipas de tr\u00eas elementos provenientes de diversas escolas da regi\u00e3o. Nesta edi\u00e7\u00e3o, estiveram inscritas 21 escolas, tendo os alunos realizado uma prova te\u00f3rica que colocou \u00e0 prova os seus conhecimentos e compet\u00eancias na \u00e1rea da Qu\u00edmica.<\/p><p>As Olimp\u00edadas de Qu\u00edmica Mais t\u00eam como principais objetivos dinamizar o ensino e a aprendizagem da Qu\u00edmica, despertar o interesse dos alunos por esta ci\u00eancia, promover o gosto pela investiga\u00e7\u00e3o e incentivar voca\u00e7\u00f5es para carreiras cient\u00edfico-tecnol\u00f3gicas. Para al\u00e9m disso, constituem uma importante oportunidade de aproxima\u00e7\u00e3o entre as escolas do ensino secund\u00e1rio e as institui\u00e7\u00f5es de ensino superior.<\/p><p>A participa\u00e7\u00e3o dos nossos alunos nesta atividade reflete o seu empenho e interesse pela \u00e1rea cient\u00edfica, sendo motivo de orgulho para o Agrupamento.<\/p><p style=\"text-align: right;\">\u00a0<\/p><p style=\"text-align: right;\">O Grupo Disciplinar de F\u00edsica e Qu\u00edmica<\/p><p style=\"text-align: center;\"><img fetchpriority=\"high\" decoding=\"async\" class=\"alignnone size-medium wp-image-10558\" src=\"https:\/\/aevaledeste.pt\/site\/wp-content\/uploads\/2026\/04\/WhatsApp-Image-2026-03-16-at-18.25.50-3-300x225.jpeg\" alt=\"\" width=\"300\" height=\"225\" srcset=\"https:\/\/aevaledeste.pt\/site\/wp-content\/uploads\/2026\/04\/WhatsApp-Image-2026-03-16-at-18.25.50-3-300x225.jpeg 300w, https:\/\/aevaledeste.pt\/site\/wp-content\/uploads\/2026\/04\/WhatsApp-Image-2026-03-16-at-18.25.50-3-1024x768.jpeg 1024w, https:\/\/aevaledeste.pt\/site\/wp-content\/uploads\/2026\/04\/WhatsApp-Image-2026-03-16-at-18.25.50-3-768x576.jpeg 768w, https:\/\/aevaledeste.pt\/site\/wp-content\/uploads\/2026\/04\/WhatsApp-Image-2026-03-16-at-18.25.50-3-1536x1152.jpeg 1536w, https:\/\/aevaledeste.pt\/site\/wp-content\/uploads\/2026\/04\/WhatsApp-Image-2026-03-16-at-18.25.50-3-16x12.jpeg 16w, https:\/\/aevaledeste.pt\/site\/wp-content\/uploads\/2026\/04\/WhatsApp-Image-2026-03-16-at-18.25.50-3-150x113.jpeg 150w, https:\/\/aevaledeste.pt\/site\/wp-content\/uploads\/2026\/04\/WhatsApp-Image-2026-03-16-at-18.25.50-3.jpeg 2040w\" sizes=\"(max-width: 300px) 100vw, 300px\" \/> <img decoding=\"async\" class=\"alignnone  wp-image-10559\" src=\"https:\/\/aevaledeste.pt\/site\/wp-content\/uploads\/2026\/04\/WhatsApp-Image-2026-03-16-at-18.25.50-5-225x300.jpeg\" alt=\"\" width=\"170\" height=\"226\" srcset=\"https:\/\/aevaledeste.pt\/site\/wp-content\/uploads\/2026\/04\/WhatsApp-Image-2026-03-16-at-18.25.50-5-225x300.jpeg 225w, https:\/\/aevaledeste.pt\/site\/wp-content\/uploads\/2026\/04\/WhatsApp-Image-2026-03-16-at-18.25.50-5-768x1024.jpeg 768w, https:\/\/aevaledeste.pt\/site\/wp-content\/uploads\/2026\/04\/WhatsApp-Image-2026-03-16-at-18.25.50-5-1152x1536.jpeg 1152w, https:\/\/aevaledeste.pt\/site\/wp-content\/uploads\/2026\/04\/WhatsApp-Image-2026-03-16-at-18.25.50-5-9x12.jpeg 9w, https:\/\/aevaledeste.pt\/site\/wp-content\/uploads\/2026\/04\/WhatsApp-Image-2026-03-16-at-18.25.50-5-113x150.jpeg 113w, https:\/\/aevaledeste.pt\/site\/wp-content\/uploads\/2026\/04\/WhatsApp-Image-2026-03-16-at-18.25.50-5.jpeg 1530w\" sizes=\"(max-width: 170px) 100vw, 170px\" \/><\/p>\t\t\t\t\t\t<\/div>\n\t\t\t\t<\/div>\n\t\t\t\t\t<\/div>\n\t\t<\/div>\n\t\t\t\t\t<\/div>\n\t\t<\/section>\n\t\t\t\t<\/div>\n\t\t","protected":false},"excerpt":{"rendered":"<p>Olimp\u00edadas de Qu\u00edmica Mais \u2013 2026 \u00a0 No passado dia 14 de mar\u00e7o de 2026, realizou-se, no Departamento de Qu\u00edmica da Escola de Ci\u00eancias da Universidade do Minho, mais uma edi\u00e7\u00e3o da semifinal das Olimp\u00edadas de Qu\u00edmica Mais, organizada em colabora\u00e7\u00e3o com a Sociedade Portuguesa&nbsp;<a href=\"https:\/\/aevaledeste.pt\/site\/olimpiadas-de-quimica-mais-2026\/\">&hellip;<\/a><\/p>\n","protected":false},"author":5,"featured_media":10557,"comment_status":"closed","ping_status":"closed","sticky":false,"template":"","format":"standard","meta":{"footnotes":""},"categories":[46,1],"tags":[],"class_list":["post-10555","post","type-post","status-publish","format-standard","has-post-thumbnail","hentry","category-destaques","category-noticias","odd"],"yoast_head":"<!-- This site is optimized with the Yoast SEO plugin v23.7 - https:\/\/yoast.com\/wordpress\/plugins\/seo\/ -->\n<title>Olimp\u00edadas de Qu\u00edmica Mais \u2013 2026 - Agrupamento de Escolas de Vale D&#039;Este<\/title>\n<meta name=\"robots\" content=\"index, follow, max-snippet:-1, max-image-preview:large, max-video-preview:-1\" \/>\n<link rel=\"canonical\" href=\"https:\/\/aevaledeste.pt\/site\/olimpiadas-de-quimica-mais-2026\/\" \/>\n<meta property=\"og:locale\" content=\"pt_PT\" \/>\n<meta property=\"og:type\" content=\"article\" \/>\n<meta property=\"og:title\" content=\"Olimp\u00edadas de Qu\u00edmica Mais \u2013 2026 - Agrupamento de Escolas de Vale D&#039;Este\" \/>\n<meta property=\"og:description\" content=\"Olimp\u00edadas de Qu\u00edmica Mais \u2013 2026 \u00a0 No passado dia 14 de mar\u00e7o de 2026, realizou-se, no Departamento de Qu\u00edmica da Escola de Ci\u00eancias da Universidade do Minho, mais uma edi\u00e7\u00e3o da semifinal das Olimp\u00edadas de Qu\u00edmica Mais, organizada em colabora\u00e7\u00e3o com a Sociedade Portuguesa&nbsp;&hellip;\" \/>\n<meta property=\"og:url\" content=\"https:\/\/aevaledeste.pt\/site\/olimpiadas-de-quimica-mais-2026\/\" \/>\n<meta property=\"og:site_name\" content=\"Agrupamento de Escolas de Vale D&#039;Este\" \/>\n<meta property=\"article:published_time\" content=\"2026-04-01T13:15:09+00:00\" \/>\n<meta property=\"article:modified_time\" content=\"2026-04-01T13:44:39+00:00\" \/>\n<meta property=\"og:image\" content=\"https:\/\/aevaledeste.pt\/site\/wp-content\/uploads\/2026\/04\/olimpiadas2.png\" \/>\n\t<meta property=\"og:image:width\" content=\"600\" \/>\n\t<meta property=\"og:image:height\" content=\"350\" \/>\n\t<meta property=\"og:image:type\" content=\"image\/png\" \/>\n<meta name=\"author\" content=\"Agrupamento de Escolas De Vale D&#039;Este\" \/>\n<meta name=\"twitter:card\" content=\"summary_large_image\" \/>\n<meta name=\"twitter:label1\" content=\"Escrito por\" \/>\n\t<meta name=\"twitter:data1\" content=\"Agrupamento de Escolas De Vale D&#039;Este\" \/>\n\t<meta name=\"twitter:label2\" content=\"Tempo estimado de leitura\" \/>\n\t<meta name=\"twitter:data2\" content=\"2 minutos\" \/>\n<script type=\"application\/ld+json\" class=\"yoast-schema-graph\">{\"@context\":\"https:\/\/schema.org\",\"@graph\":[{\"@type\":\"Article\",\"@id\":\"https:\/\/aevaledeste.pt\/site\/olimpiadas-de-quimica-mais-2026\/#article\",\"isPartOf\":{\"@id\":\"https:\/\/aevaledeste.pt\/site\/olimpiadas-de-quimica-mais-2026\/\"},\"author\":{\"name\":\"Agrupamento de Escolas De Vale D'Este\",\"@id\":\"https:\/\/aevaledeste.pt\/site\/#\/schema\/person\/7aedd04578439e4ebc023ee04390ddd5\"},\"headline\":\"Olimp\u00edadas de Qu\u00edmica Mais \u2013 2026\",\"datePublished\":\"2026-04-01T13:15:09+00:00\",\"dateModified\":\"2026-04-01T13:44:39+00:00\",\"mainEntityOfPage\":{\"@id\":\"https:\/\/aevaledeste.pt\/site\/olimpiadas-de-quimica-mais-2026\/\"},\"wordCount\":229,\"publisher\":{\"@id\":\"https:\/\/aevaledeste.pt\/site\/#organization\"},\"image\":{\"@id\":\"https:\/\/aevaledeste.pt\/site\/olimpiadas-de-quimica-mais-2026\/#primaryimage\"},\"thumbnailUrl\":\"https:\/\/aevaledeste.pt\/site\/wp-content\/uploads\/2026\/04\/olimpiadas2.png\",\"articleSection\":[\"Destaques\",\"Noticias\"],\"inLanguage\":\"pt-PT\"},{\"@type\":\"WebPage\",\"@id\":\"https:\/\/aevaledeste.pt\/site\/olimpiadas-de-quimica-mais-2026\/\",\"url\":\"https:\/\/aevaledeste.pt\/site\/olimpiadas-de-quimica-mais-2026\/\",\"name\":\"Olimp\u00edadas de Qu\u00edmica Mais \u2013 2026 - Agrupamento de Escolas de Vale D&#039;Este\",\"isPartOf\":{\"@id\":\"https:\/\/aevaledeste.pt\/site\/#website\"},\"primaryImageOfPage\":{\"@id\":\"https:\/\/aevaledeste.pt\/site\/olimpiadas-de-quimica-mais-2026\/#primaryimage\"},\"image\":{\"@id\":\"https:\/\/aevaledeste.pt\/site\/olimpiadas-de-quimica-mais-2026\/#primaryimage\"},\"thumbnailUrl\":\"https:\/\/aevaledeste.pt\/site\/wp-content\/uploads\/2026\/04\/olimpiadas2.png\",\"datePublished\":\"2026-04-01T13:15:09+00:00\",\"dateModified\":\"2026-04-01T13:44:39+00:00\",\"breadcrumb\":{\"@id\":\"https:\/\/aevaledeste.pt\/site\/olimpiadas-de-quimica-mais-2026\/#breadcrumb\"},\"inLanguage\":\"pt-PT\",\"potentialAction\":[{\"@type\":\"ReadAction\",\"target\":[\"https:\/\/aevaledeste.pt\/site\/olimpiadas-de-quimica-mais-2026\/\"]}]},{\"@type\":\"ImageObject\",\"inLanguage\":\"pt-PT\",\"@id\":\"https:\/\/aevaledeste.pt\/site\/olimpiadas-de-quimica-mais-2026\/#primaryimage\",\"url\":\"https:\/\/aevaledeste.pt\/site\/wp-content\/uploads\/2026\/04\/olimpiadas2.png\",\"contentUrl\":\"https:\/\/aevaledeste.pt\/site\/wp-content\/uploads\/2026\/04\/olimpiadas2.png\",\"width\":600,\"height\":350},{\"@type\":\"BreadcrumbList\",\"@id\":\"https:\/\/aevaledeste.pt\/site\/olimpiadas-de-quimica-mais-2026\/#breadcrumb\",\"itemListElement\":[{\"@type\":\"ListItem\",\"position\":1,\"name\":\"In\u00edcio\",\"item\":\"https:\/\/aevaledeste.pt\/site\/\"},{\"@type\":\"ListItem\",\"position\":2,\"name\":\"Olimp\u00edadas de Qu\u00edmica Mais \u2013 2026\"}]},{\"@type\":\"WebSite\",\"@id\":\"https:\/\/aevaledeste.pt\/site\/#website\",\"url\":\"https:\/\/aevaledeste.pt\/site\/\",\"name\":\"Agrupamento de Escolas de Vale D&#039;Este\",\"description\":\"Faz a tua escolha!\",\"publisher\":{\"@id\":\"https:\/\/aevaledeste.pt\/site\/#organization\"},\"potentialAction\":[{\"@type\":\"SearchAction\",\"target\":{\"@type\":\"EntryPoint\",\"urlTemplate\":\"https:\/\/aevaledeste.pt\/site\/?s={search_term_string}\"},\"query-input\":{\"@type\":\"PropertyValueSpecification\",\"valueRequired\":true,\"valueName\":\"search_term_string\"}}],\"inLanguage\":\"pt-PT\"},{\"@type\":\"Organization\",\"@id\":\"https:\/\/aevaledeste.pt\/site\/#organization\",\"name\":\"Agrupamento de Escolas de Vale D&#039;Este\",\"url\":\"https:\/\/aevaledeste.pt\/site\/\",\"logo\":{\"@type\":\"ImageObject\",\"inLanguage\":\"pt-PT\",\"@id\":\"https:\/\/aevaledeste.pt\/site\/#\/schema\/logo\/image\/\",\"url\":\"https:\/\/aevaledeste.pt\/site\/wp-content\/uploads\/2022\/09\/1-e1664446422139.png\",\"contentUrl\":\"https:\/\/aevaledeste.pt\/site\/wp-content\/uploads\/2022\/09\/1-e1664446422139.png\",\"width\":600,\"height\":78,\"caption\":\"Agrupamento de Escolas de Vale D&#039;Este\"},\"image\":{\"@id\":\"https:\/\/aevaledeste.pt\/site\/#\/schema\/logo\/image\/\"}},{\"@type\":\"Person\",\"@id\":\"https:\/\/aevaledeste.pt\/site\/#\/schema\/person\/7aedd04578439e4ebc023ee04390ddd5\",\"name\":\"Agrupamento de Escolas De Vale D'Este\",\"image\":{\"@type\":\"ImageObject\",\"inLanguage\":\"pt-PT\",\"@id\":\"https:\/\/aevaledeste.pt\/site\/#\/schema\/person\/image\/\",\"url\":\"https:\/\/secure.gravatar.com\/avatar\/17cc01e9d7154b6e3eb494fe0786922a12c603458f3d4d50e11698f8b9953d74?s=96&d=mm&r=g\",\"contentUrl\":\"https:\/\/secure.gravatar.com\/avatar\/17cc01e9d7154b6e3eb494fe0786922a12c603458f3d4d50e11698f8b9953d74?s=96&d=mm&r=g\",\"caption\":\"Agrupamento de Escolas De Vale D'Este\"},\"url\":\"https:\/\/aevaledeste.pt\/site\/author\/aeve\/\"}]}<\/script>\n<!-- \/ Yoast SEO plugin. -->","yoast_head_json":{"title":"Olimp\u00edadas de Qu\u00edmica Mais \u2013 2026 - Agrupamento de Escolas de Vale D&#039;Este","robots":{"index":"index","follow":"follow","max-snippet":"max-snippet:-1","max-image-preview":"max-image-preview:large","max-video-preview":"max-video-preview:-1"},"canonical":"https:\/\/aevaledeste.pt\/site\/olimpiadas-de-quimica-mais-2026\/","og_locale":"pt_PT","og_type":"article","og_title":"Olimp\u00edadas de Qu\u00edmica Mais \u2013 2026 - Agrupamento de Escolas de Vale D&#039;Este","og_description":"Olimp\u00edadas de Qu\u00edmica Mais \u2013 2026 \u00a0 No passado dia 14 de mar\u00e7o de 2026, realizou-se, no Departamento de Qu\u00edmica da Escola de Ci\u00eancias da Universidade do Minho, mais uma edi\u00e7\u00e3o da semifinal das Olimp\u00edadas de Qu\u00edmica Mais, organizada em colabora\u00e7\u00e3o com a Sociedade Portuguesa&nbsp;&hellip;","og_url":"https:\/\/aevaledeste.pt\/site\/olimpiadas-de-quimica-mais-2026\/","og_site_name":"Agrupamento de Escolas de Vale D&#039;Este","article_published_time":"2026-04-01T13:15:09+00:00","article_modified_time":"2026-04-01T13:44:39+00:00","og_image":[{"width":600,"height":350,"url":"https:\/\/aevaledeste.pt\/site\/wp-content\/uploads\/2026\/04\/olimpiadas2.png","type":"image\/png"}],"author":"Agrupamento de Escolas De Vale D'Este","twitter_card":"summary_large_image","twitter_misc":{"Escrito por":"Agrupamento de Escolas De Vale D'Este","Tempo estimado de leitura":"2 minutos"},"schema":{"@context":"https:\/\/schema.org","@graph":[{"@type":"Article","@id":"https:\/\/aevaledeste.pt\/site\/olimpiadas-de-quimica-mais-2026\/#article","isPartOf":{"@id":"https:\/\/aevaledeste.pt\/site\/olimpiadas-de-quimica-mais-2026\/"},"author":{"name":"Agrupamento de Escolas De Vale D'Este","@id":"https:\/\/aevaledeste.pt\/site\/#\/schema\/person\/7aedd04578439e4ebc023ee04390ddd5"},"headline":"Olimp\u00edadas de Qu\u00edmica Mais \u2013 2026","datePublished":"2026-04-01T13:15:09+00:00","dateModified":"2026-04-01T13:44:39+00:00","mainEntityOfPage":{"@id":"https:\/\/aevaledeste.pt\/site\/olimpiadas-de-quimica-mais-2026\/"},"wordCount":229,"publisher":{"@id":"https:\/\/aevaledeste.pt\/site\/#organization"},"image":{"@id":"https:\/\/aevaledeste.pt\/site\/olimpiadas-de-quimica-mais-2026\/#primaryimage"},"thumbnailUrl":"https:\/\/aevaledeste.pt\/site\/wp-content\/uploads\/2026\/04\/olimpiadas2.png","articleSection":["Destaques","Noticias"],"inLanguage":"pt-PT"},{"@type":"WebPage","@id":"https:\/\/aevaledeste.pt\/site\/olimpiadas-de-quimica-mais-2026\/","url":"https:\/\/aevaledeste.pt\/site\/olimpiadas-de-quimica-mais-2026\/","name":"Olimp\u00edadas de Qu\u00edmica Mais \u2013 2026 - Agrupamento de Escolas de Vale D&#039;Este","isPartOf":{"@id":"https:\/\/aevaledeste.pt\/site\/#website"},"primaryImageOfPage":{"@id":"https:\/\/aevaledeste.pt\/site\/olimpiadas-de-quimica-mais-2026\/#primaryimage"},"image":{"@id":"https:\/\/aevaledeste.pt\/site\/olimpiadas-de-quimica-mais-2026\/#primaryimage"},"thumbnailUrl":"https:\/\/aevaledeste.pt\/site\/wp-content\/uploads\/2026\/04\/olimpiadas2.png","datePublished":"2026-04-01T13:15:09+00:00","dateModified":"2026-04-01T13:44:39+00:00","breadcrumb":{"@id":"https:\/\/aevaledeste.pt\/site\/olimpiadas-de-quimica-mais-2026\/#breadcrumb"},"inLanguage":"pt-PT","potentialAction":[{"@type":"ReadAction","target":["https:\/\/aevaledeste.pt\/site\/olimpiadas-de-quimica-mais-2026\/"]}]},{"@type":"ImageObject","inLanguage":"pt-PT","@id":"https:\/\/aevaledeste.pt\/site\/olimpiadas-de-quimica-mais-2026\/#primaryimage","url":"https:\/\/aevaledeste.pt\/site\/wp-content\/uploads\/2026\/04\/olimpiadas2.png","contentUrl":"https:\/\/aevaledeste.pt\/site\/wp-content\/uploads\/2026\/04\/olimpiadas2.png","width":600,"height":350},{"@type":"BreadcrumbList","@id":"https:\/\/aevaledeste.pt\/site\/olimpiadas-de-quimica-mais-2026\/#breadcrumb","itemListElement":[{"@type":"ListItem","position":1,"name":"In\u00edcio","item":"https:\/\/aevaledeste.pt\/site\/"},{"@type":"ListItem","position":2,"name":"Olimp\u00edadas de Qu\u00edmica Mais \u2013 2026"}]},{"@type":"WebSite","@id":"https:\/\/aevaledeste.pt\/site\/#website","url":"https:\/\/aevaledeste.pt\/site\/","name":"Agrupamento de Escolas de Vale D&#039;Este","description":"Faz a tua escolha!","publisher":{"@id":"https:\/\/aevaledeste.pt\/site\/#organization"},"potentialAction":[{"@type":"SearchAction","target":{"@type":"EntryPoint","urlTemplate":"https:\/\/aevaledeste.pt\/site\/?s={search_term_string}"},"query-input":{"@type":"PropertyValueSpecification","valueRequired":true,"valueName":"search_term_string"}}],"inLanguage":"pt-PT"},{"@type":"Organization","@id":"https:\/\/aevaledeste.pt\/site\/#organization","name":"Agrupamento de Escolas de Vale D&#039;Este","url":"https:\/\/aevaledeste.pt\/site\/","logo":{"@type":"ImageObject","inLanguage":"pt-PT","@id":"https:\/\/aevaledeste.pt\/site\/#\/schema\/logo\/image\/","url":"https:\/\/aevaledeste.pt\/site\/wp-content\/uploads\/2022\/09\/1-e1664446422139.png","contentUrl":"https:\/\/aevaledeste.pt\/site\/wp-content\/uploads\/2022\/09\/1-e1664446422139.png","width":600,"height":78,"caption":"Agrupamento de Escolas de Vale D&#039;Este"},"image":{"@id":"https:\/\/aevaledeste.pt\/site\/#\/schema\/logo\/image\/"}},{"@type":"Person","@id":"https:\/\/aevaledeste.pt\/site\/#\/schema\/person\/7aedd04578439e4ebc023ee04390ddd5","name":"Agrupamento de Escolas De Vale D'Este","image":{"@type":"ImageObject","inLanguage":"pt-PT","@id":"https:\/\/aevaledeste.pt\/site\/#\/schema\/person\/image\/","url":"https:\/\/secure.gravatar.com\/avatar\/17cc01e9d7154b6e3eb494fe0786922a12c603458f3d4d50e11698f8b9953d74?s=96&d=mm&r=g","contentUrl":"https:\/\/secure.gravatar.com\/avatar\/17cc01e9d7154b6e3eb494fe0786922a12c603458f3d4d50e11698f8b9953d74?s=96&d=mm&r=g","caption":"Agrupamento de Escolas De Vale D'Este"},"url":"https:\/\/aevaledeste.pt\/site\/author\/aeve\/"}]}},"_links":{"self":[{"href":"https:\/\/aevaledeste.pt\/site\/wp-json\/wp\/v2\/posts\/10555","targetHints":{"allow":["GET"]}}],"collection":[{"href":"https:\/\/aevaledeste.pt\/site\/wp-json\/wp\/v2\/posts"}],"about":[{"href":"https:\/\/aevaledeste.pt\/site\/wp-json\/wp\/v2\/types\/post"}],"author":[{"embeddable":true,"href":"https:\/\/aevaledeste.pt\/site\/wp-json\/wp\/v2\/users\/5"}],"replies":[{"embeddable":true,"href":"https:\/\/aevaledeste.pt\/site\/wp-json\/wp\/v2\/comments?post=10555"}],"version-history":[{"count":4,"href":"https:\/\/aevaledeste.pt\/site\/wp-json\/wp\/v2\/posts\/10555\/revisions"}],"predecessor-version":[{"id":10562,"href":"https:\/\/aevaledeste.pt\/site\/wp-json\/wp\/v2\/posts\/10555\/revisions\/10562"}],"wp:featuredmedia":[{"embeddable":true,"href":"https:\/\/aevaledeste.pt\/site\/wp-json\/wp\/v2\/media\/10557"}],"wp:attachment":[{"href":"https:\/\/aevaledeste.pt\/site\/wp-json\/wp\/v2\/media?parent=10555"}],"wp:term":[{"taxonomy":"category","embeddable":true,"href":"https:\/\/aevaledeste.pt\/site\/wp-json\/wp\/v2\/categories?post=10555"},{"taxonomy":"post_tag","embeddable":true,"href":"https:\/\/aevaledeste.pt\/site\/wp-json\/wp\/v2\/tags?post=10555"}],"curies":[{"name":"wp","href":"https:\/\/api.w.org\/{rel}","templated":true}]}}