{"id":10109,"date":"2026-03-13T00:04:00","date_gmt":"2026-03-13T00:04:00","guid":{"rendered":"https:\/\/aevaledeste.pt\/site\/?p=10109"},"modified":"2026-03-13T00:12:18","modified_gmt":"2026-03-13T00:12:18","slug":"nasceu-o-jornal-cogito-aeve","status":"publish","type":"post","link":"https:\/\/aevaledeste.pt\/site\/nasceu-o-jornal-cogito-aeve\/","title":{"rendered":"Nasceu o Jornal\u00a0C\u00f3gito! &#8211; AEVE"},"content":{"rendered":"\t\t<div data-elementor-type=\"wp-post\" data-elementor-id=\"10109\" class=\"elementor elementor-10109\">\n\t\t\t\t\t\t<section class=\"elementor-section elementor-top-section elementor-element elementor-element-af11063 elementor-section-boxed elementor-section-height-default elementor-section-height-default\" data-id=\"af11063\" data-element_type=\"section\">\n\t\t\t\t\t\t<div class=\"elementor-container elementor-column-gap-default\">\n\t\t\t\t\t<div class=\"elementor-column elementor-col-100 elementor-top-column elementor-element elementor-element-fd1155b\" data-id=\"fd1155b\" data-element_type=\"column\">\n\t\t\t<div class=\"elementor-widget-wrap elementor-element-populated\">\n\t\t\t\t\t\t<div class=\"elementor-element elementor-element-0ece592 elementor-widget elementor-widget-text-editor\" data-id=\"0ece592\" data-element_type=\"widget\" data-widget_type=\"text-editor.default\">\n\t\t\t\t<div class=\"elementor-widget-container\">\n\t\t\t\t\t\t\t<p><strong>Nasceu o Jornal\u00a0<em>C\u00f3gito<\/em>!<\/strong>\u00a0<\/p><p>\u00c9 com enorme orgulho e grande satisfa\u00e7\u00e3o que partilhamos o lan\u00e7amento da 1.\u00aa edi\u00e7\u00e3o do Jornal Filos\u00f3fico\u00a0<em>C\u00f3gito<\/em>, uma publica\u00e7\u00e3o que d\u00e1 voz e visibilidade ao trabalho desenvolvido pelos alunos\u00a0 das turmas 10\u00baB,11\u00ba1, 12\u00baB, no ano letivo 24-25.<\/p><p>Este jornal reflete o envolvimento, a criatividade e o exerc\u00edcio do pensamento cr\u00edtico dos alunos, espelhando, de forma genu\u00edna, as experi\u00eancias vividas em sala de aula e no contexto escolar.\u00a0 Trata-se de um trabalho que afirma a educa\u00e7\u00e3o filos\u00f3fica como um espa\u00e7o privilegiado de di\u00e1logo, interroga\u00e7\u00e3o e constru\u00e7\u00e3o de sentido, promovendo um pensamento aut\u00f3nomo, consciente e atento aos desafios\u00a0 que nos s\u00e3o colocados pela desinforma\u00e7\u00e3o.<\/p><p>O valor formativo e cultural do projeto foi reconhecido pela Associa\u00e7\u00e3o Portuguesa de \u00c9tica e Filosofia Pr\u00e1tica (APEFP), que manifestou disponibilidade para editar alguns exemplares destinados \u00e0 sua divulga\u00e7\u00e3o.<\/p><p>Um agradecimento especial ao professor Eug\u00e9nio Oliveira (Presidente da APEFP) e ao aluno Sim\u00e3o Silva, da turma 12\u00ba1, pela dedica\u00e7\u00e3o demonstrada no trabalho de edi\u00e7\u00e3o do jornal.<\/p><p>Que as p\u00e1ginas do C\u00f3gito sejam far\u00f3is que despertam a reflex\u00e3o, que as inquieta\u00e7\u00f5es se desvelem\u00a0e as vozes encontrem eco na vida que se revela, numa pr\u00e1xis\u00a0filos\u00f3fica sempre em a\u00e7\u00e3o.\u00a0<\/p><p style=\"text-align: right;\">(Gabriela Beato, professora de filosofia)<\/p><p>\u00a0<\/p><p>\u00a0<\/p>\t\t\t\t\t\t<\/div>\n\t\t\t\t<\/div>\n\t\t\t\t<div class=\"elementor-element elementor-element-0ff2263 elementor-arrows-position-inside elementor-pagination-position-outside elementor-widget elementor-widget-image-carousel\" data-id=\"0ff2263\" data-element_type=\"widget\" data-settings=\"{&quot;navigation&quot;:&quot;both&quot;,&quot;autoplay&quot;:&quot;yes&quot;,&quot;pause_on_hover&quot;:&quot;yes&quot;,&quot;pause_on_interaction&quot;:&quot;yes&quot;,&quot;autoplay_speed&quot;:5000,&quot;infinite&quot;:&quot;yes&quot;,&quot;speed&quot;:500}\" data-widget_type=\"image-carousel.default\">\n\t\t\t\t<div class=\"elementor-widget-container\">\n\t\t\t\t\t<div class=\"elementor-image-carousel-wrapper swiper\" dir=\"ltr\">\n\t\t\t<div class=\"elementor-image-carousel swiper-wrapper\" aria-live=\"off\">\n\t\t\t\t\t\t\t\t<div class=\"swiper-slide\" role=\"group\" aria-roledescription=\"slide\" aria-label=\"1 of 9\"><figure class=\"swiper-slide-inner\"><img decoding=\"async\" class=\"swiper-slide-image\" src=\"https:\/\/aevaledeste.pt\/site\/wp-content\/uploads\/2026\/03\/image-1-211x300.png\" alt=\"image (1)\" \/><\/figure><\/div><div class=\"swiper-slide\" role=\"group\" aria-roledescription=\"slide\" aria-label=\"2 of 9\"><figure class=\"swiper-slide-inner\"><img decoding=\"async\" class=\"swiper-slide-image\" src=\"https:\/\/aevaledeste.pt\/site\/wp-content\/uploads\/2026\/03\/Imagem7-300x207.png\" alt=\"Imagem7\" \/><\/figure><\/div><div class=\"swiper-slide\" role=\"group\" aria-roledescription=\"slide\" aria-label=\"3 of 9\"><figure class=\"swiper-slide-inner\"><img decoding=\"async\" class=\"swiper-slide-image\" src=\"https:\/\/aevaledeste.pt\/site\/wp-content\/uploads\/2026\/03\/Imagem8-300x209.png\" alt=\"Imagem8\" \/><\/figure><\/div><div class=\"swiper-slide\" role=\"group\" aria-roledescription=\"slide\" aria-label=\"4 of 9\"><figure class=\"swiper-slide-inner\"><img decoding=\"async\" class=\"swiper-slide-image\" src=\"https:\/\/aevaledeste.pt\/site\/wp-content\/uploads\/2026\/03\/Imagem6-300x209.png\" alt=\"Imagem6\" \/><\/figure><\/div><div class=\"swiper-slide\" role=\"group\" aria-roledescription=\"slide\" aria-label=\"5 of 9\"><figure class=\"swiper-slide-inner\"><img decoding=\"async\" class=\"swiper-slide-image\" src=\"https:\/\/aevaledeste.pt\/site\/wp-content\/uploads\/2026\/03\/Imagem3-300x207.png\" alt=\"Imagem3\" \/><\/figure><\/div><div class=\"swiper-slide\" role=\"group\" aria-roledescription=\"slide\" aria-label=\"6 of 9\"><figure class=\"swiper-slide-inner\"><img decoding=\"async\" class=\"swiper-slide-image\" src=\"https:\/\/aevaledeste.pt\/site\/wp-content\/uploads\/2026\/03\/Imagem5-300x208.png\" alt=\"Imagem5\" \/><\/figure><\/div><div class=\"swiper-slide\" role=\"group\" aria-roledescription=\"slide\" aria-label=\"7 of 9\"><figure class=\"swiper-slide-inner\"><img decoding=\"async\" class=\"swiper-slide-image\" src=\"https:\/\/aevaledeste.pt\/site\/wp-content\/uploads\/2026\/03\/Imagem2-300x207.png\" alt=\"Imagem2\" \/><\/figure><\/div><div class=\"swiper-slide\" role=\"group\" aria-roledescription=\"slide\" aria-label=\"8 of 9\"><figure class=\"swiper-slide-inner\"><img decoding=\"async\" class=\"swiper-slide-image\" src=\"https:\/\/aevaledeste.pt\/site\/wp-content\/uploads\/2026\/03\/Imagem4-300x209.png\" alt=\"Imagem4\" \/><\/figure><\/div><div class=\"swiper-slide\" role=\"group\" aria-roledescription=\"slide\" aria-label=\"9 of 9\"><figure class=\"swiper-slide-inner\"><img decoding=\"async\" class=\"swiper-slide-image\" src=\"https:\/\/aevaledeste.pt\/site\/wp-content\/uploads\/2026\/03\/Imagem9-212x300.png\" alt=\"Imagem9\" \/><\/figure><\/div>\t\t\t<\/div>\n\t\t\t\t\t\t\t\t\t\t\t\t<div class=\"elementor-swiper-button elementor-swiper-button-prev\" role=\"button\" tabindex=\"0\">\n\t\t\t\t\t\t<i aria-hidden=\"true\" class=\"eicon-chevron-left\"><\/i>\t\t\t\t\t<\/div>\n\t\t\t\t\t<div class=\"elementor-swiper-button elementor-swiper-button-next\" role=\"button\" tabindex=\"0\">\n\t\t\t\t\t\t<i aria-hidden=\"true\" class=\"eicon-chevron-right\"><\/i>\t\t\t\t\t<\/div>\n\t\t\t\t\n\t\t\t\t\t\t\t\t\t<div class=\"swiper-pagination\"><\/div>\n\t\t\t\t\t\t\t\t\t<\/div>\n\t\t\t\t<\/div>\n\t\t\t\t<\/div>\n\t\t\t\t\t<\/div>\n\t\t<\/div>\n\t\t\t\t\t<\/div>\n\t\t<\/section>\n\t\t\t\t<\/div>\n\t\t","protected":false},"excerpt":{"rendered":"<p>Nasceu o Jornal\u00a0C\u00f3gito!\u00a0 \u00c9 com enorme orgulho e grande satisfa\u00e7\u00e3o que partilhamos o lan\u00e7amento da 1.\u00aa edi\u00e7\u00e3o do Jornal Filos\u00f3fico\u00a0C\u00f3gito, uma publica\u00e7\u00e3o que d\u00e1 voz e visibilidade ao trabalho desenvolvido pelos alunos\u00a0 das turmas 10\u00baB,11\u00ba1, 12\u00baB, no ano letivo 24-25. Este jornal reflete o envolvimento,&nbsp;<a href=\"https:\/\/aevaledeste.pt\/site\/nasceu-o-jornal-cogito-aeve\/\">&hellip;<\/a><\/p>\n","protected":false},"author":5,"featured_media":10110,"comment_status":"closed","ping_status":"closed","sticky":false,"template":"","format":"standard","meta":{"footnotes":""},"categories":[1],"tags":[],"class_list":["post-10109","post","type-post","status-publish","format-standard","has-post-thumbnail","hentry","category-noticias","odd"],"yoast_head":"<!-- This site is optimized with the Yoast SEO plugin v23.7 - https:\/\/yoast.com\/wordpress\/plugins\/seo\/ -->\n<title>Nasceu o Jornal\u00a0C\u00f3gito! - AEVE - Agrupamento de Escolas de Vale D&#039;Este<\/title>\n<meta name=\"robots\" content=\"index, follow, max-snippet:-1, max-image-preview:large, max-video-preview:-1\" \/>\n<link rel=\"canonical\" href=\"https:\/\/aevaledeste.pt\/site\/nasceu-o-jornal-cogito-aeve\/\" \/>\n<meta property=\"og:locale\" content=\"pt_PT\" \/>\n<meta property=\"og:type\" content=\"article\" \/>\n<meta property=\"og:title\" content=\"Nasceu o Jornal\u00a0C\u00f3gito! - AEVE - Agrupamento de Escolas de Vale D&#039;Este\" \/>\n<meta property=\"og:description\" content=\"Nasceu o Jornal\u00a0C\u00f3gito!\u00a0 \u00c9 com enorme orgulho e grande satisfa\u00e7\u00e3o que partilhamos o lan\u00e7amento da 1.\u00aa edi\u00e7\u00e3o do Jornal Filos\u00f3fico\u00a0C\u00f3gito, uma publica\u00e7\u00e3o que d\u00e1 voz e visibilidade ao trabalho desenvolvido pelos alunos\u00a0 das turmas 10\u00baB,11\u00ba1, 12\u00baB, no ano letivo 24-25. Este jornal reflete o envolvimento,&nbsp;&hellip;\" \/>\n<meta property=\"og:url\" content=\"https:\/\/aevaledeste.pt\/site\/nasceu-o-jornal-cogito-aeve\/\" \/>\n<meta property=\"og:site_name\" content=\"Agrupamento de Escolas de Vale D&#039;Este\" \/>\n<meta property=\"article:published_time\" content=\"2026-03-13T00:04:00+00:00\" \/>\n<meta property=\"article:modified_time\" content=\"2026-03-13T00:12:18+00:00\" \/>\n<meta property=\"og:image\" content=\"https:\/\/aevaledeste.pt\/site\/wp-content\/uploads\/2026\/03\/jornal.png\" \/>\n\t<meta property=\"og:image:width\" content=\"600\" \/>\n\t<meta property=\"og:image:height\" content=\"350\" \/>\n\t<meta property=\"og:image:type\" content=\"image\/png\" \/>\n<meta name=\"author\" content=\"Agrupamento de Escolas De Vale D&#039;Este\" \/>\n<meta name=\"twitter:card\" content=\"summary_large_image\" \/>\n<meta name=\"twitter:label1\" content=\"Escrito por\" \/>\n\t<meta name=\"twitter:data1\" content=\"Agrupamento de Escolas De Vale D&#039;Este\" \/>\n\t<meta name=\"twitter:label2\" content=\"Tempo estimado de leitura\" \/>\n\t<meta name=\"twitter:data2\" content=\"5 minutos\" \/>\n<script type=\"application\/ld+json\" class=\"yoast-schema-graph\">{\"@context\":\"https:\/\/schema.org\",\"@graph\":[{\"@type\":\"Article\",\"@id\":\"https:\/\/aevaledeste.pt\/site\/nasceu-o-jornal-cogito-aeve\/#article\",\"isPartOf\":{\"@id\":\"https:\/\/aevaledeste.pt\/site\/nasceu-o-jornal-cogito-aeve\/\"},\"author\":{\"name\":\"Agrupamento de Escolas De Vale D'Este\",\"@id\":\"https:\/\/aevaledeste.pt\/site\/#\/schema\/person\/7aedd04578439e4ebc023ee04390ddd5\"},\"headline\":\"Nasceu o Jornal\u00a0C\u00f3gito! &#8211; AEVE\",\"datePublished\":\"2026-03-13T00:04:00+00:00\",\"dateModified\":\"2026-03-13T00:12:18+00:00\",\"mainEntityOfPage\":{\"@id\":\"https:\/\/aevaledeste.pt\/site\/nasceu-o-jornal-cogito-aeve\/\"},\"wordCount\":238,\"publisher\":{\"@id\":\"https:\/\/aevaledeste.pt\/site\/#organization\"},\"image\":{\"@id\":\"https:\/\/aevaledeste.pt\/site\/nasceu-o-jornal-cogito-aeve\/#primaryimage\"},\"thumbnailUrl\":\"https:\/\/aevaledeste.pt\/site\/wp-content\/uploads\/2026\/03\/jornal.png\",\"articleSection\":[\"Noticias\"],\"inLanguage\":\"pt-PT\"},{\"@type\":\"WebPage\",\"@id\":\"https:\/\/aevaledeste.pt\/site\/nasceu-o-jornal-cogito-aeve\/\",\"url\":\"https:\/\/aevaledeste.pt\/site\/nasceu-o-jornal-cogito-aeve\/\",\"name\":\"Nasceu o Jornal\u00a0C\u00f3gito! - AEVE - Agrupamento de Escolas de Vale D&#039;Este\",\"isPartOf\":{\"@id\":\"https:\/\/aevaledeste.pt\/site\/#website\"},\"primaryImageOfPage\":{\"@id\":\"https:\/\/aevaledeste.pt\/site\/nasceu-o-jornal-cogito-aeve\/#primaryimage\"},\"image\":{\"@id\":\"https:\/\/aevaledeste.pt\/site\/nasceu-o-jornal-cogito-aeve\/#primaryimage\"},\"thumbnailUrl\":\"https:\/\/aevaledeste.pt\/site\/wp-content\/uploads\/2026\/03\/jornal.png\",\"datePublished\":\"2026-03-13T00:04:00+00:00\",\"dateModified\":\"2026-03-13T00:12:18+00:00\",\"breadcrumb\":{\"@id\":\"https:\/\/aevaledeste.pt\/site\/nasceu-o-jornal-cogito-aeve\/#breadcrumb\"},\"inLanguage\":\"pt-PT\",\"potentialAction\":[{\"@type\":\"ReadAction\",\"target\":[\"https:\/\/aevaledeste.pt\/site\/nasceu-o-jornal-cogito-aeve\/\"]}]},{\"@type\":\"ImageObject\",\"inLanguage\":\"pt-PT\",\"@id\":\"https:\/\/aevaledeste.pt\/site\/nasceu-o-jornal-cogito-aeve\/#primaryimage\",\"url\":\"https:\/\/aevaledeste.pt\/site\/wp-content\/uploads\/2026\/03\/jornal.png\",\"contentUrl\":\"https:\/\/aevaledeste.pt\/site\/wp-content\/uploads\/2026\/03\/jornal.png\",\"width\":600,\"height\":350},{\"@type\":\"BreadcrumbList\",\"@id\":\"https:\/\/aevaledeste.pt\/site\/nasceu-o-jornal-cogito-aeve\/#breadcrumb\",\"itemListElement\":[{\"@type\":\"ListItem\",\"position\":1,\"name\":\"In\u00edcio\",\"item\":\"https:\/\/aevaledeste.pt\/site\/\"},{\"@type\":\"ListItem\",\"position\":2,\"name\":\"Nasceu o Jornal\u00a0C\u00f3gito! &#8211; AEVE\"}]},{\"@type\":\"WebSite\",\"@id\":\"https:\/\/aevaledeste.pt\/site\/#website\",\"url\":\"https:\/\/aevaledeste.pt\/site\/\",\"name\":\"Agrupamento de Escolas de Vale D&#039;Este\",\"description\":\"Faz a tua escolha!\",\"publisher\":{\"@id\":\"https:\/\/aevaledeste.pt\/site\/#organization\"},\"potentialAction\":[{\"@type\":\"SearchAction\",\"target\":{\"@type\":\"EntryPoint\",\"urlTemplate\":\"https:\/\/aevaledeste.pt\/site\/?s={search_term_string}\"},\"query-input\":{\"@type\":\"PropertyValueSpecification\",\"valueRequired\":true,\"valueName\":\"search_term_string\"}}],\"inLanguage\":\"pt-PT\"},{\"@type\":\"Organization\",\"@id\":\"https:\/\/aevaledeste.pt\/site\/#organization\",\"name\":\"Agrupamento de Escolas de Vale D&#039;Este\",\"url\":\"https:\/\/aevaledeste.pt\/site\/\",\"logo\":{\"@type\":\"ImageObject\",\"inLanguage\":\"pt-PT\",\"@id\":\"https:\/\/aevaledeste.pt\/site\/#\/schema\/logo\/image\/\",\"url\":\"https:\/\/aevaledeste.pt\/site\/wp-content\/uploads\/2022\/09\/1-e1664446422139.png\",\"contentUrl\":\"https:\/\/aevaledeste.pt\/site\/wp-content\/uploads\/2022\/09\/1-e1664446422139.png\",\"width\":600,\"height\":78,\"caption\":\"Agrupamento de Escolas de Vale D&#039;Este\"},\"image\":{\"@id\":\"https:\/\/aevaledeste.pt\/site\/#\/schema\/logo\/image\/\"}},{\"@type\":\"Person\",\"@id\":\"https:\/\/aevaledeste.pt\/site\/#\/schema\/person\/7aedd04578439e4ebc023ee04390ddd5\",\"name\":\"Agrupamento de Escolas De Vale D'Este\",\"image\":{\"@type\":\"ImageObject\",\"inLanguage\":\"pt-PT\",\"@id\":\"https:\/\/aevaledeste.pt\/site\/#\/schema\/person\/image\/\",\"url\":\"https:\/\/secure.gravatar.com\/avatar\/17cc01e9d7154b6e3eb494fe0786922a12c603458f3d4d50e11698f8b9953d74?s=96&d=mm&r=g\",\"contentUrl\":\"https:\/\/secure.gravatar.com\/avatar\/17cc01e9d7154b6e3eb494fe0786922a12c603458f3d4d50e11698f8b9953d74?s=96&d=mm&r=g\",\"caption\":\"Agrupamento de Escolas De Vale D'Este\"},\"url\":\"https:\/\/aevaledeste.pt\/site\/author\/aeve\/\"}]}<\/script>\n<!-- \/ Yoast SEO plugin. -->","yoast_head_json":{"title":"Nasceu o Jornal\u00a0C\u00f3gito! - AEVE - Agrupamento de Escolas de Vale D&#039;Este","robots":{"index":"index","follow":"follow","max-snippet":"max-snippet:-1","max-image-preview":"max-image-preview:large","max-video-preview":"max-video-preview:-1"},"canonical":"https:\/\/aevaledeste.pt\/site\/nasceu-o-jornal-cogito-aeve\/","og_locale":"pt_PT","og_type":"article","og_title":"Nasceu o Jornal\u00a0C\u00f3gito! - AEVE - Agrupamento de Escolas de Vale D&#039;Este","og_description":"Nasceu o Jornal\u00a0C\u00f3gito!\u00a0 \u00c9 com enorme orgulho e grande satisfa\u00e7\u00e3o que partilhamos o lan\u00e7amento da 1.\u00aa edi\u00e7\u00e3o do Jornal Filos\u00f3fico\u00a0C\u00f3gito, uma publica\u00e7\u00e3o que d\u00e1 voz e visibilidade ao trabalho desenvolvido pelos alunos\u00a0 das turmas 10\u00baB,11\u00ba1, 12\u00baB, no ano letivo 24-25. Este jornal reflete o envolvimento,&nbsp;&hellip;","og_url":"https:\/\/aevaledeste.pt\/site\/nasceu-o-jornal-cogito-aeve\/","og_site_name":"Agrupamento de Escolas de Vale D&#039;Este","article_published_time":"2026-03-13T00:04:00+00:00","article_modified_time":"2026-03-13T00:12:18+00:00","og_image":[{"width":600,"height":350,"url":"https:\/\/aevaledeste.pt\/site\/wp-content\/uploads\/2026\/03\/jornal.png","type":"image\/png"}],"author":"Agrupamento de Escolas De Vale D'Este","twitter_card":"summary_large_image","twitter_misc":{"Escrito por":"Agrupamento de Escolas De Vale D'Este","Tempo estimado de leitura":"5 minutos"},"schema":{"@context":"https:\/\/schema.org","@graph":[{"@type":"Article","@id":"https:\/\/aevaledeste.pt\/site\/nasceu-o-jornal-cogito-aeve\/#article","isPartOf":{"@id":"https:\/\/aevaledeste.pt\/site\/nasceu-o-jornal-cogito-aeve\/"},"author":{"name":"Agrupamento de Escolas De Vale D'Este","@id":"https:\/\/aevaledeste.pt\/site\/#\/schema\/person\/7aedd04578439e4ebc023ee04390ddd5"},"headline":"Nasceu o Jornal\u00a0C\u00f3gito! &#8211; AEVE","datePublished":"2026-03-13T00:04:00+00:00","dateModified":"2026-03-13T00:12:18+00:00","mainEntityOfPage":{"@id":"https:\/\/aevaledeste.pt\/site\/nasceu-o-jornal-cogito-aeve\/"},"wordCount":238,"publisher":{"@id":"https:\/\/aevaledeste.pt\/site\/#organization"},"image":{"@id":"https:\/\/aevaledeste.pt\/site\/nasceu-o-jornal-cogito-aeve\/#primaryimage"},"thumbnailUrl":"https:\/\/aevaledeste.pt\/site\/wp-content\/uploads\/2026\/03\/jornal.png","articleSection":["Noticias"],"inLanguage":"pt-PT"},{"@type":"WebPage","@id":"https:\/\/aevaledeste.pt\/site\/nasceu-o-jornal-cogito-aeve\/","url":"https:\/\/aevaledeste.pt\/site\/nasceu-o-jornal-cogito-aeve\/","name":"Nasceu o Jornal\u00a0C\u00f3gito! - AEVE - Agrupamento de Escolas de Vale D&#039;Este","isPartOf":{"@id":"https:\/\/aevaledeste.pt\/site\/#website"},"primaryImageOfPage":{"@id":"https:\/\/aevaledeste.pt\/site\/nasceu-o-jornal-cogito-aeve\/#primaryimage"},"image":{"@id":"https:\/\/aevaledeste.pt\/site\/nasceu-o-jornal-cogito-aeve\/#primaryimage"},"thumbnailUrl":"https:\/\/aevaledeste.pt\/site\/wp-content\/uploads\/2026\/03\/jornal.png","datePublished":"2026-03-13T00:04:00+00:00","dateModified":"2026-03-13T00:12:18+00:00","breadcrumb":{"@id":"https:\/\/aevaledeste.pt\/site\/nasceu-o-jornal-cogito-aeve\/#breadcrumb"},"inLanguage":"pt-PT","potentialAction":[{"@type":"ReadAction","target":["https:\/\/aevaledeste.pt\/site\/nasceu-o-jornal-cogito-aeve\/"]}]},{"@type":"ImageObject","inLanguage":"pt-PT","@id":"https:\/\/aevaledeste.pt\/site\/nasceu-o-jornal-cogito-aeve\/#primaryimage","url":"https:\/\/aevaledeste.pt\/site\/wp-content\/uploads\/2026\/03\/jornal.png","contentUrl":"https:\/\/aevaledeste.pt\/site\/wp-content\/uploads\/2026\/03\/jornal.png","width":600,"height":350},{"@type":"BreadcrumbList","@id":"https:\/\/aevaledeste.pt\/site\/nasceu-o-jornal-cogito-aeve\/#breadcrumb","itemListElement":[{"@type":"ListItem","position":1,"name":"In\u00edcio","item":"https:\/\/aevaledeste.pt\/site\/"},{"@type":"ListItem","position":2,"name":"Nasceu o Jornal\u00a0C\u00f3gito! &#8211; AEVE"}]},{"@type":"WebSite","@id":"https:\/\/aevaledeste.pt\/site\/#website","url":"https:\/\/aevaledeste.pt\/site\/","name":"Agrupamento de Escolas de Vale D&#039;Este","description":"Faz a tua escolha!","publisher":{"@id":"https:\/\/aevaledeste.pt\/site\/#organization"},"potentialAction":[{"@type":"SearchAction","target":{"@type":"EntryPoint","urlTemplate":"https:\/\/aevaledeste.pt\/site\/?s={search_term_string}"},"query-input":{"@type":"PropertyValueSpecification","valueRequired":true,"valueName":"search_term_string"}}],"inLanguage":"pt-PT"},{"@type":"Organization","@id":"https:\/\/aevaledeste.pt\/site\/#organization","name":"Agrupamento de Escolas de Vale D&#039;Este","url":"https:\/\/aevaledeste.pt\/site\/","logo":{"@type":"ImageObject","inLanguage":"pt-PT","@id":"https:\/\/aevaledeste.pt\/site\/#\/schema\/logo\/image\/","url":"https:\/\/aevaledeste.pt\/site\/wp-content\/uploads\/2022\/09\/1-e1664446422139.png","contentUrl":"https:\/\/aevaledeste.pt\/site\/wp-content\/uploads\/2022\/09\/1-e1664446422139.png","width":600,"height":78,"caption":"Agrupamento de Escolas de Vale D&#039;Este"},"image":{"@id":"https:\/\/aevaledeste.pt\/site\/#\/schema\/logo\/image\/"}},{"@type":"Person","@id":"https:\/\/aevaledeste.pt\/site\/#\/schema\/person\/7aedd04578439e4ebc023ee04390ddd5","name":"Agrupamento de Escolas De Vale D'Este","image":{"@type":"ImageObject","inLanguage":"pt-PT","@id":"https:\/\/aevaledeste.pt\/site\/#\/schema\/person\/image\/","url":"https:\/\/secure.gravatar.com\/avatar\/17cc01e9d7154b6e3eb494fe0786922a12c603458f3d4d50e11698f8b9953d74?s=96&d=mm&r=g","contentUrl":"https:\/\/secure.gravatar.com\/avatar\/17cc01e9d7154b6e3eb494fe0786922a12c603458f3d4d50e11698f8b9953d74?s=96&d=mm&r=g","caption":"Agrupamento de Escolas De Vale D'Este"},"url":"https:\/\/aevaledeste.pt\/site\/author\/aeve\/"}]}},"_links":{"self":[{"href":"https:\/\/aevaledeste.pt\/site\/wp-json\/wp\/v2\/posts\/10109","targetHints":{"allow":["GET"]}}],"collection":[{"href":"https:\/\/aevaledeste.pt\/site\/wp-json\/wp\/v2\/posts"}],"about":[{"href":"https:\/\/aevaledeste.pt\/site\/wp-json\/wp\/v2\/types\/post"}],"author":[{"embeddable":true,"href":"https:\/\/aevaledeste.pt\/site\/wp-json\/wp\/v2\/users\/5"}],"replies":[{"embeddable":true,"href":"https:\/\/aevaledeste.pt\/site\/wp-json\/wp\/v2\/comments?post=10109"}],"version-history":[{"count":8,"href":"https:\/\/aevaledeste.pt\/site\/wp-json\/wp\/v2\/posts\/10109\/revisions"}],"predecessor-version":[{"id":10128,"href":"https:\/\/aevaledeste.pt\/site\/wp-json\/wp\/v2\/posts\/10109\/revisions\/10128"}],"wp:featuredmedia":[{"embeddable":true,"href":"https:\/\/aevaledeste.pt\/site\/wp-json\/wp\/v2\/media\/10110"}],"wp:attachment":[{"href":"https:\/\/aevaledeste.pt\/site\/wp-json\/wp\/v2\/media?parent=10109"}],"wp:term":[{"taxonomy":"category","embeddable":true,"href":"https:\/\/aevaledeste.pt\/site\/wp-json\/wp\/v2\/categories?post=10109"},{"taxonomy":"post_tag","embeddable":true,"href":"https:\/\/aevaledeste.pt\/site\/wp-json\/wp\/v2\/tags?post=10109"}],"curies":[{"name":"wp","href":"https:\/\/api.w.org\/{rel}","templated":true}]}}