{"id":10076,"date":"2026-03-11T16:05:55","date_gmt":"2026-03-11T16:05:55","guid":{"rendered":"https:\/\/aevaledeste.pt\/site\/?p=10076"},"modified":"2026-03-11T16:07:56","modified_gmt":"2026-03-11T16:07:56","slug":"encontro-com-a-escritora-claudia-negishi","status":"publish","type":"post","link":"https:\/\/aevaledeste.pt\/site\/encontro-com-a-escritora-claudia-negishi\/","title":{"rendered":"Encontro com a escritora Cl\u00e1udia Negishi"},"content":{"rendered":"\t\t<div data-elementor-type=\"wp-post\" data-elementor-id=\"10076\" class=\"elementor elementor-10076\">\n\t\t\t\t\t\t<section class=\"elementor-section elementor-top-section elementor-element elementor-element-e7c6729 elementor-section-boxed elementor-section-height-default elementor-section-height-default\" data-id=\"e7c6729\" data-element_type=\"section\">\n\t\t\t\t\t\t<div class=\"elementor-container elementor-column-gap-default\">\n\t\t\t\t\t<div class=\"elementor-column elementor-col-100 elementor-top-column elementor-element elementor-element-2f10a5c\" data-id=\"2f10a5c\" data-element_type=\"column\">\n\t\t\t<div class=\"elementor-widget-wrap elementor-element-populated\">\n\t\t\t\t\t\t<div class=\"elementor-element elementor-element-cd19e21 elementor-widget elementor-widget-text-editor\" data-id=\"cd19e21\" data-element_type=\"widget\" data-widget_type=\"text-editor.default\">\n\t\t\t\t<div class=\"elementor-widget-container\">\n\t\t\t\t\t\t\t<p>Estabelecimento de Ensino: EB de Viatodos<\/p><p>Turmas: todas<\/p><p>Atividade: Encontro com a escritora Cl\u00e1udia Negishi<\/p><p>Data: 09\/03\/2026<\/p><p>Na passada segunda-feira, dia 9 de mar\u00e7o, as turmas do Centro Escolar de Viatodos deram in\u00edcio \u00e0 comemora\u00e7\u00e3o da Semana da Leitura, com a declama\u00e7\u00e3o de um poema de Fernando Pessoa, pelas alunas do 3.\u00ba ano. Foi tamb\u00e9m aberta a Feira do Livro.<\/p><p>No mesmo dia, escutaram, pela voz da escritora Cl\u00e1udia Negishi, o conto \u201c<em>Avozinha Sissi esqueceu-se de mim<\/em>\u201d. Trata-se de uma hist\u00f3ria ver\u00eddica que aborda a doen\u00e7a de Alzheimer &#8211; um transtorno neurodegenerativo progressivo e irrevers\u00edvel. Os alunos compreenderam que podemos esquecer-nos, mas ficamos para sempre no cora\u00e7\u00e3o de quem amamos.<\/p><p>Estabelecimento de Ensino: EB de Viatodos<\/p><p>Turmas: todas<\/p><p>\u00a0<\/p><p>\u00a0<\/p>\t\t\t\t\t\t<\/div>\n\t\t\t\t<\/div>\n\t\t\t\t<div class=\"elementor-element elementor-element-ce717b8 elementor-arrows-position-inside elementor-pagination-position-outside elementor-widget elementor-widget-image-carousel\" data-id=\"ce717b8\" data-element_type=\"widget\" data-settings=\"{&quot;navigation&quot;:&quot;both&quot;,&quot;autoplay&quot;:&quot;yes&quot;,&quot;pause_on_hover&quot;:&quot;yes&quot;,&quot;pause_on_interaction&quot;:&quot;yes&quot;,&quot;autoplay_speed&quot;:5000,&quot;infinite&quot;:&quot;yes&quot;,&quot;speed&quot;:500}\" data-widget_type=\"image-carousel.default\">\n\t\t\t\t<div class=\"elementor-widget-container\">\n\t\t\t\t\t<div class=\"elementor-image-carousel-wrapper swiper\" dir=\"ltr\">\n\t\t\t<div class=\"elementor-image-carousel swiper-wrapper\" aria-live=\"off\">\n\t\t\t\t\t\t\t\t<div class=\"swiper-slide\" role=\"group\" aria-roledescription=\"slide\" aria-label=\"1 of 5\"><figure class=\"swiper-slide-inner\"><img decoding=\"async\" class=\"swiper-slide-image\" src=\"https:\/\/aevaledeste.pt\/site\/wp-content\/uploads\/2026\/03\/a1c81e5b-3471-4c1c-ba77-2612cf7e5033-225x300.jpeg\" alt=\"a1c81e5b-3471-4c1c-ba77-2612cf7e5033\" \/><\/figure><\/div><div class=\"swiper-slide\" role=\"group\" aria-roledescription=\"slide\" aria-label=\"2 of 5\"><figure class=\"swiper-slide-inner\"><img decoding=\"async\" class=\"swiper-slide-image\" src=\"https:\/\/aevaledeste.pt\/site\/wp-content\/uploads\/2026\/03\/1fb6051b-3193-4d22-98d2-b8275e39f579-300x225.jpeg\" alt=\"1fb6051b-3193-4d22-98d2-b8275e39f579\" \/><\/figure><\/div><div class=\"swiper-slide\" role=\"group\" aria-roledescription=\"slide\" aria-label=\"3 of 5\"><figure class=\"swiper-slide-inner\"><img decoding=\"async\" class=\"swiper-slide-image\" src=\"https:\/\/aevaledeste.pt\/site\/wp-content\/uploads\/2026\/03\/77117e31-03db-45a5-93f2-ba5f1d77abeb-300x225.jpeg\" alt=\"77117e31-03db-45a5-93f2-ba5f1d77abeb\" \/><\/figure><\/div><div class=\"swiper-slide\" role=\"group\" aria-roledescription=\"slide\" aria-label=\"4 of 5\"><figure class=\"swiper-slide-inner\"><img decoding=\"async\" class=\"swiper-slide-image\" src=\"https:\/\/aevaledeste.pt\/site\/wp-content\/uploads\/2026\/03\/6b2abe8b-9fe6-498d-9310-0e94f201f04e-225x300.jpeg\" alt=\"6b2abe8b-9fe6-498d-9310-0e94f201f04e\" \/><\/figure><\/div><div class=\"swiper-slide\" role=\"group\" aria-roledescription=\"slide\" aria-label=\"5 of 5\"><figure class=\"swiper-slide-inner\"><img decoding=\"async\" class=\"swiper-slide-image\" src=\"https:\/\/aevaledeste.pt\/site\/wp-content\/uploads\/2026\/03\/fb895a3b-0008-429f-b292-9b7bd2dfb5f1-225x300.jpeg\" alt=\"fb895a3b-0008-429f-b292-9b7bd2dfb5f1\" \/><\/figure><\/div>\t\t\t<\/div>\n\t\t\t\t\t\t\t\t\t\t\t\t<div class=\"elementor-swiper-button elementor-swiper-button-prev\" role=\"button\" tabindex=\"0\">\n\t\t\t\t\t\t<i aria-hidden=\"true\" class=\"eicon-chevron-left\"><\/i>\t\t\t\t\t<\/div>\n\t\t\t\t\t<div class=\"elementor-swiper-button elementor-swiper-button-next\" role=\"button\" tabindex=\"0\">\n\t\t\t\t\t\t<i aria-hidden=\"true\" class=\"eicon-chevron-right\"><\/i>\t\t\t\t\t<\/div>\n\t\t\t\t\n\t\t\t\t\t\t\t\t\t<div class=\"swiper-pagination\"><\/div>\n\t\t\t\t\t\t\t\t\t<\/div>\n\t\t\t\t<\/div>\n\t\t\t\t<\/div>\n\t\t\t\t\t<\/div>\n\t\t<\/div>\n\t\t\t\t\t<\/div>\n\t\t<\/section>\n\t\t\t\t<\/div>\n\t\t","protected":false},"excerpt":{"rendered":"<p>Estabelecimento de Ensino: EB de Viatodos Turmas: todas Atividade: Encontro com a escritora Cl\u00e1udia Negishi Data: 09\/03\/2026 Na passada segunda-feira, dia 9 de mar\u00e7o, as turmas do Centro Escolar de Viatodos deram in\u00edcio \u00e0 comemora\u00e7\u00e3o da Semana da Leitura, com a declama\u00e7\u00e3o de um poema&nbsp;<a href=\"https:\/\/aevaledeste.pt\/site\/encontro-com-a-escritora-claudia-negishi\/\">&hellip;<\/a><\/p>\n","protected":false},"author":5,"featured_media":10077,"comment_status":"closed","ping_status":"closed","sticky":false,"template":"","format":"standard","meta":{"footnotes":""},"categories":[1],"tags":[],"class_list":["post-10076","post","type-post","status-publish","format-standard","has-post-thumbnail","hentry","category-noticias","odd"],"yoast_head":"<!-- This site is optimized with the Yoast SEO plugin v23.7 - https:\/\/yoast.com\/wordpress\/plugins\/seo\/ -->\n<title>Encontro com a escritora Cl\u00e1udia Negishi - Agrupamento de Escolas de Vale D&#039;Este<\/title>\n<meta name=\"robots\" content=\"index, follow, max-snippet:-1, max-image-preview:large, max-video-preview:-1\" \/>\n<link rel=\"canonical\" href=\"https:\/\/aevaledeste.pt\/site\/encontro-com-a-escritora-claudia-negishi\/\" \/>\n<meta property=\"og:locale\" content=\"pt_PT\" \/>\n<meta property=\"og:type\" content=\"article\" \/>\n<meta property=\"og:title\" content=\"Encontro com a escritora Cl\u00e1udia Negishi - Agrupamento de Escolas de Vale D&#039;Este\" \/>\n<meta property=\"og:description\" content=\"Estabelecimento de Ensino: EB de Viatodos Turmas: todas Atividade: Encontro com a escritora Cl\u00e1udia Negishi Data: 09\/03\/2026 Na passada segunda-feira, dia 9 de mar\u00e7o, as turmas do Centro Escolar de Viatodos deram in\u00edcio \u00e0 comemora\u00e7\u00e3o da Semana da Leitura, com a declama\u00e7\u00e3o de um poema&nbsp;&hellip;\" \/>\n<meta property=\"og:url\" content=\"https:\/\/aevaledeste.pt\/site\/encontro-com-a-escritora-claudia-negishi\/\" \/>\n<meta property=\"og:site_name\" content=\"Agrupamento de Escolas de Vale D&#039;Este\" \/>\n<meta property=\"article:published_time\" content=\"2026-03-11T16:05:55+00:00\" \/>\n<meta property=\"article:modified_time\" content=\"2026-03-11T16:07:56+00:00\" \/>\n<meta property=\"og:image\" content=\"https:\/\/aevaledeste.pt\/site\/wp-content\/uploads\/2026\/03\/escritora.png\" \/>\n\t<meta property=\"og:image:width\" content=\"600\" \/>\n\t<meta property=\"og:image:height\" content=\"350\" \/>\n\t<meta property=\"og:image:type\" content=\"image\/png\" \/>\n<meta name=\"author\" content=\"Agrupamento de Escolas De Vale D&#039;Este\" \/>\n<meta name=\"twitter:card\" content=\"summary_large_image\" \/>\n<meta name=\"twitter:label1\" content=\"Escrito por\" \/>\n\t<meta name=\"twitter:data1\" content=\"Agrupamento de Escolas De Vale D&#039;Este\" \/>\n\t<meta name=\"twitter:label2\" content=\"Tempo estimado de leitura\" \/>\n\t<meta name=\"twitter:data2\" content=\"3 minutos\" \/>\n<script type=\"application\/ld+json\" class=\"yoast-schema-graph\">{\"@context\":\"https:\/\/schema.org\",\"@graph\":[{\"@type\":\"Article\",\"@id\":\"https:\/\/aevaledeste.pt\/site\/encontro-com-a-escritora-claudia-negishi\/#article\",\"isPartOf\":{\"@id\":\"https:\/\/aevaledeste.pt\/site\/encontro-com-a-escritora-claudia-negishi\/\"},\"author\":{\"name\":\"Agrupamento de Escolas De Vale D'Este\",\"@id\":\"https:\/\/aevaledeste.pt\/site\/#\/schema\/person\/7aedd04578439e4ebc023ee04390ddd5\"},\"headline\":\"Encontro com a escritora Cl\u00e1udia Negishi\",\"datePublished\":\"2026-03-11T16:05:55+00:00\",\"dateModified\":\"2026-03-11T16:07:56+00:00\",\"mainEntityOfPage\":{\"@id\":\"https:\/\/aevaledeste.pt\/site\/encontro-com-a-escritora-claudia-negishi\/\"},\"wordCount\":133,\"publisher\":{\"@id\":\"https:\/\/aevaledeste.pt\/site\/#organization\"},\"image\":{\"@id\":\"https:\/\/aevaledeste.pt\/site\/encontro-com-a-escritora-claudia-negishi\/#primaryimage\"},\"thumbnailUrl\":\"https:\/\/aevaledeste.pt\/site\/wp-content\/uploads\/2026\/03\/escritora.png\",\"articleSection\":[\"Noticias\"],\"inLanguage\":\"pt-PT\"},{\"@type\":\"WebPage\",\"@id\":\"https:\/\/aevaledeste.pt\/site\/encontro-com-a-escritora-claudia-negishi\/\",\"url\":\"https:\/\/aevaledeste.pt\/site\/encontro-com-a-escritora-claudia-negishi\/\",\"name\":\"Encontro com a escritora Cl\u00e1udia Negishi - Agrupamento de Escolas de Vale D&#039;Este\",\"isPartOf\":{\"@id\":\"https:\/\/aevaledeste.pt\/site\/#website\"},\"primaryImageOfPage\":{\"@id\":\"https:\/\/aevaledeste.pt\/site\/encontro-com-a-escritora-claudia-negishi\/#primaryimage\"},\"image\":{\"@id\":\"https:\/\/aevaledeste.pt\/site\/encontro-com-a-escritora-claudia-negishi\/#primaryimage\"},\"thumbnailUrl\":\"https:\/\/aevaledeste.pt\/site\/wp-content\/uploads\/2026\/03\/escritora.png\",\"datePublished\":\"2026-03-11T16:05:55+00:00\",\"dateModified\":\"2026-03-11T16:07:56+00:00\",\"breadcrumb\":{\"@id\":\"https:\/\/aevaledeste.pt\/site\/encontro-com-a-escritora-claudia-negishi\/#breadcrumb\"},\"inLanguage\":\"pt-PT\",\"potentialAction\":[{\"@type\":\"ReadAction\",\"target\":[\"https:\/\/aevaledeste.pt\/site\/encontro-com-a-escritora-claudia-negishi\/\"]}]},{\"@type\":\"ImageObject\",\"inLanguage\":\"pt-PT\",\"@id\":\"https:\/\/aevaledeste.pt\/site\/encontro-com-a-escritora-claudia-negishi\/#primaryimage\",\"url\":\"https:\/\/aevaledeste.pt\/site\/wp-content\/uploads\/2026\/03\/escritora.png\",\"contentUrl\":\"https:\/\/aevaledeste.pt\/site\/wp-content\/uploads\/2026\/03\/escritora.png\",\"width\":600,\"height\":350},{\"@type\":\"BreadcrumbList\",\"@id\":\"https:\/\/aevaledeste.pt\/site\/encontro-com-a-escritora-claudia-negishi\/#breadcrumb\",\"itemListElement\":[{\"@type\":\"ListItem\",\"position\":1,\"name\":\"In\u00edcio\",\"item\":\"https:\/\/aevaledeste.pt\/site\/\"},{\"@type\":\"ListItem\",\"position\":2,\"name\":\"Encontro com a escritora Cl\u00e1udia Negishi\"}]},{\"@type\":\"WebSite\",\"@id\":\"https:\/\/aevaledeste.pt\/site\/#website\",\"url\":\"https:\/\/aevaledeste.pt\/site\/\",\"name\":\"Agrupamento de Escolas de Vale D&#039;Este\",\"description\":\"Faz a tua escolha!\",\"publisher\":{\"@id\":\"https:\/\/aevaledeste.pt\/site\/#organization\"},\"potentialAction\":[{\"@type\":\"SearchAction\",\"target\":{\"@type\":\"EntryPoint\",\"urlTemplate\":\"https:\/\/aevaledeste.pt\/site\/?s={search_term_string}\"},\"query-input\":{\"@type\":\"PropertyValueSpecification\",\"valueRequired\":true,\"valueName\":\"search_term_string\"}}],\"inLanguage\":\"pt-PT\"},{\"@type\":\"Organization\",\"@id\":\"https:\/\/aevaledeste.pt\/site\/#organization\",\"name\":\"Agrupamento de Escolas de Vale D&#039;Este\",\"url\":\"https:\/\/aevaledeste.pt\/site\/\",\"logo\":{\"@type\":\"ImageObject\",\"inLanguage\":\"pt-PT\",\"@id\":\"https:\/\/aevaledeste.pt\/site\/#\/schema\/logo\/image\/\",\"url\":\"https:\/\/aevaledeste.pt\/site\/wp-content\/uploads\/2022\/09\/1-e1664446422139.png\",\"contentUrl\":\"https:\/\/aevaledeste.pt\/site\/wp-content\/uploads\/2022\/09\/1-e1664446422139.png\",\"width\":600,\"height\":78,\"caption\":\"Agrupamento de Escolas de Vale D&#039;Este\"},\"image\":{\"@id\":\"https:\/\/aevaledeste.pt\/site\/#\/schema\/logo\/image\/\"}},{\"@type\":\"Person\",\"@id\":\"https:\/\/aevaledeste.pt\/site\/#\/schema\/person\/7aedd04578439e4ebc023ee04390ddd5\",\"name\":\"Agrupamento de Escolas De Vale D'Este\",\"image\":{\"@type\":\"ImageObject\",\"inLanguage\":\"pt-PT\",\"@id\":\"https:\/\/aevaledeste.pt\/site\/#\/schema\/person\/image\/\",\"url\":\"https:\/\/secure.gravatar.com\/avatar\/17cc01e9d7154b6e3eb494fe0786922a12c603458f3d4d50e11698f8b9953d74?s=96&d=mm&r=g\",\"contentUrl\":\"https:\/\/secure.gravatar.com\/avatar\/17cc01e9d7154b6e3eb494fe0786922a12c603458f3d4d50e11698f8b9953d74?s=96&d=mm&r=g\",\"caption\":\"Agrupamento de Escolas De Vale D'Este\"},\"url\":\"https:\/\/aevaledeste.pt\/site\/author\/aeve\/\"}]}<\/script>\n<!-- \/ Yoast SEO plugin. -->","yoast_head_json":{"title":"Encontro com a escritora Cl\u00e1udia Negishi - Agrupamento de Escolas de Vale D&#039;Este","robots":{"index":"index","follow":"follow","max-snippet":"max-snippet:-1","max-image-preview":"max-image-preview:large","max-video-preview":"max-video-preview:-1"},"canonical":"https:\/\/aevaledeste.pt\/site\/encontro-com-a-escritora-claudia-negishi\/","og_locale":"pt_PT","og_type":"article","og_title":"Encontro com a escritora Cl\u00e1udia Negishi - Agrupamento de Escolas de Vale D&#039;Este","og_description":"Estabelecimento de Ensino: EB de Viatodos Turmas: todas Atividade: Encontro com a escritora Cl\u00e1udia Negishi Data: 09\/03\/2026 Na passada segunda-feira, dia 9 de mar\u00e7o, as turmas do Centro Escolar de Viatodos deram in\u00edcio \u00e0 comemora\u00e7\u00e3o da Semana da Leitura, com a declama\u00e7\u00e3o de um poema&nbsp;&hellip;","og_url":"https:\/\/aevaledeste.pt\/site\/encontro-com-a-escritora-claudia-negishi\/","og_site_name":"Agrupamento de Escolas de Vale D&#039;Este","article_published_time":"2026-03-11T16:05:55+00:00","article_modified_time":"2026-03-11T16:07:56+00:00","og_image":[{"width":600,"height":350,"url":"https:\/\/aevaledeste.pt\/site\/wp-content\/uploads\/2026\/03\/escritora.png","type":"image\/png"}],"author":"Agrupamento de Escolas De Vale D'Este","twitter_card":"summary_large_image","twitter_misc":{"Escrito por":"Agrupamento de Escolas De Vale D'Este","Tempo estimado de leitura":"3 minutos"},"schema":{"@context":"https:\/\/schema.org","@graph":[{"@type":"Article","@id":"https:\/\/aevaledeste.pt\/site\/encontro-com-a-escritora-claudia-negishi\/#article","isPartOf":{"@id":"https:\/\/aevaledeste.pt\/site\/encontro-com-a-escritora-claudia-negishi\/"},"author":{"name":"Agrupamento de Escolas De Vale D'Este","@id":"https:\/\/aevaledeste.pt\/site\/#\/schema\/person\/7aedd04578439e4ebc023ee04390ddd5"},"headline":"Encontro com a escritora Cl\u00e1udia Negishi","datePublished":"2026-03-11T16:05:55+00:00","dateModified":"2026-03-11T16:07:56+00:00","mainEntityOfPage":{"@id":"https:\/\/aevaledeste.pt\/site\/encontro-com-a-escritora-claudia-negishi\/"},"wordCount":133,"publisher":{"@id":"https:\/\/aevaledeste.pt\/site\/#organization"},"image":{"@id":"https:\/\/aevaledeste.pt\/site\/encontro-com-a-escritora-claudia-negishi\/#primaryimage"},"thumbnailUrl":"https:\/\/aevaledeste.pt\/site\/wp-content\/uploads\/2026\/03\/escritora.png","articleSection":["Noticias"],"inLanguage":"pt-PT"},{"@type":"WebPage","@id":"https:\/\/aevaledeste.pt\/site\/encontro-com-a-escritora-claudia-negishi\/","url":"https:\/\/aevaledeste.pt\/site\/encontro-com-a-escritora-claudia-negishi\/","name":"Encontro com a escritora Cl\u00e1udia Negishi - Agrupamento de Escolas de Vale D&#039;Este","isPartOf":{"@id":"https:\/\/aevaledeste.pt\/site\/#website"},"primaryImageOfPage":{"@id":"https:\/\/aevaledeste.pt\/site\/encontro-com-a-escritora-claudia-negishi\/#primaryimage"},"image":{"@id":"https:\/\/aevaledeste.pt\/site\/encontro-com-a-escritora-claudia-negishi\/#primaryimage"},"thumbnailUrl":"https:\/\/aevaledeste.pt\/site\/wp-content\/uploads\/2026\/03\/escritora.png","datePublished":"2026-03-11T16:05:55+00:00","dateModified":"2026-03-11T16:07:56+00:00","breadcrumb":{"@id":"https:\/\/aevaledeste.pt\/site\/encontro-com-a-escritora-claudia-negishi\/#breadcrumb"},"inLanguage":"pt-PT","potentialAction":[{"@type":"ReadAction","target":["https:\/\/aevaledeste.pt\/site\/encontro-com-a-escritora-claudia-negishi\/"]}]},{"@type":"ImageObject","inLanguage":"pt-PT","@id":"https:\/\/aevaledeste.pt\/site\/encontro-com-a-escritora-claudia-negishi\/#primaryimage","url":"https:\/\/aevaledeste.pt\/site\/wp-content\/uploads\/2026\/03\/escritora.png","contentUrl":"https:\/\/aevaledeste.pt\/site\/wp-content\/uploads\/2026\/03\/escritora.png","width":600,"height":350},{"@type":"BreadcrumbList","@id":"https:\/\/aevaledeste.pt\/site\/encontro-com-a-escritora-claudia-negishi\/#breadcrumb","itemListElement":[{"@type":"ListItem","position":1,"name":"In\u00edcio","item":"https:\/\/aevaledeste.pt\/site\/"},{"@type":"ListItem","position":2,"name":"Encontro com a escritora Cl\u00e1udia Negishi"}]},{"@type":"WebSite","@id":"https:\/\/aevaledeste.pt\/site\/#website","url":"https:\/\/aevaledeste.pt\/site\/","name":"Agrupamento de Escolas de Vale D&#039;Este","description":"Faz a tua escolha!","publisher":{"@id":"https:\/\/aevaledeste.pt\/site\/#organization"},"potentialAction":[{"@type":"SearchAction","target":{"@type":"EntryPoint","urlTemplate":"https:\/\/aevaledeste.pt\/site\/?s={search_term_string}"},"query-input":{"@type":"PropertyValueSpecification","valueRequired":true,"valueName":"search_term_string"}}],"inLanguage":"pt-PT"},{"@type":"Organization","@id":"https:\/\/aevaledeste.pt\/site\/#organization","name":"Agrupamento de Escolas de Vale D&#039;Este","url":"https:\/\/aevaledeste.pt\/site\/","logo":{"@type":"ImageObject","inLanguage":"pt-PT","@id":"https:\/\/aevaledeste.pt\/site\/#\/schema\/logo\/image\/","url":"https:\/\/aevaledeste.pt\/site\/wp-content\/uploads\/2022\/09\/1-e1664446422139.png","contentUrl":"https:\/\/aevaledeste.pt\/site\/wp-content\/uploads\/2022\/09\/1-e1664446422139.png","width":600,"height":78,"caption":"Agrupamento de Escolas de Vale D&#039;Este"},"image":{"@id":"https:\/\/aevaledeste.pt\/site\/#\/schema\/logo\/image\/"}},{"@type":"Person","@id":"https:\/\/aevaledeste.pt\/site\/#\/schema\/person\/7aedd04578439e4ebc023ee04390ddd5","name":"Agrupamento de Escolas De Vale D'Este","image":{"@type":"ImageObject","inLanguage":"pt-PT","@id":"https:\/\/aevaledeste.pt\/site\/#\/schema\/person\/image\/","url":"https:\/\/secure.gravatar.com\/avatar\/17cc01e9d7154b6e3eb494fe0786922a12c603458f3d4d50e11698f8b9953d74?s=96&d=mm&r=g","contentUrl":"https:\/\/secure.gravatar.com\/avatar\/17cc01e9d7154b6e3eb494fe0786922a12c603458f3d4d50e11698f8b9953d74?s=96&d=mm&r=g","caption":"Agrupamento de Escolas De Vale D'Este"},"url":"https:\/\/aevaledeste.pt\/site\/author\/aeve\/"}]}},"_links":{"self":[{"href":"https:\/\/aevaledeste.pt\/site\/wp-json\/wp\/v2\/posts\/10076","targetHints":{"allow":["GET"]}}],"collection":[{"href":"https:\/\/aevaledeste.pt\/site\/wp-json\/wp\/v2\/posts"}],"about":[{"href":"https:\/\/aevaledeste.pt\/site\/wp-json\/wp\/v2\/types\/post"}],"author":[{"embeddable":true,"href":"https:\/\/aevaledeste.pt\/site\/wp-json\/wp\/v2\/users\/5"}],"replies":[{"embeddable":true,"href":"https:\/\/aevaledeste.pt\/site\/wp-json\/wp\/v2\/comments?post=10076"}],"version-history":[{"count":4,"href":"https:\/\/aevaledeste.pt\/site\/wp-json\/wp\/v2\/posts\/10076\/revisions"}],"predecessor-version":[{"id":10086,"href":"https:\/\/aevaledeste.pt\/site\/wp-json\/wp\/v2\/posts\/10076\/revisions\/10086"}],"wp:featuredmedia":[{"embeddable":true,"href":"https:\/\/aevaledeste.pt\/site\/wp-json\/wp\/v2\/media\/10077"}],"wp:attachment":[{"href":"https:\/\/aevaledeste.pt\/site\/wp-json\/wp\/v2\/media?parent=10076"}],"wp:term":[{"taxonomy":"category","embeddable":true,"href":"https:\/\/aevaledeste.pt\/site\/wp-json\/wp\/v2\/categories?post=10076"},{"taxonomy":"post_tag","embeddable":true,"href":"https:\/\/aevaledeste.pt\/site\/wp-json\/wp\/v2\/tags?post=10076"}],"curies":[{"name":"wp","href":"https:\/\/api.w.org\/{rel}","templated":true}]}}