{"id":5273,"date":"2024-06-02T20:06:52","date_gmt":"2024-06-02T20:06:52","guid":{"rendered":"https:\/\/aevaledeste.pt\/site\/?p=5273"},"modified":"2024-06-02T20:07:21","modified_gmt":"2024-06-02T20:07:21","slug":"brincadeiras-sem-tempo-eb-de-viatodos","status":"publish","type":"post","link":"https:\/\/aevaledeste.pt\/site\/en\/brincadeiras-sem-tempo-eb-de-viatodos\/","title":{"rendered":"Brincadeiras sem tempo &#8211; EB de Viatodos"},"content":{"rendered":"<div data-elementor-type=\"wp-post\" data-elementor-id=\"5273\" class=\"elementor elementor-5273\">\n\t\t\t\t\t\t<section class=\"elementor-section elementor-top-section elementor-element elementor-element-a235617 elementor-section-boxed elementor-section-height-default elementor-section-height-default\" data-id=\"a235617\" data-element_type=\"section\">\n\t\t\t\t\t\t<div class=\"elementor-container elementor-column-gap-default\">\n\t\t\t\t\t<div class=\"elementor-column elementor-col-100 elementor-top-column elementor-element elementor-element-a30c83f\" data-id=\"a30c83f\" data-element_type=\"column\">\n\t\t\t<div class=\"elementor-widget-wrap elementor-element-populated\">\n\t\t\t\t\t\t<div class=\"elementor-element elementor-element-fdec6b2 elementor-widget elementor-widget-text-editor\" data-id=\"fdec6b2\" data-element_type=\"widget\" data-widget_type=\"text-editor.default\">\n\t\t\t\t<div class=\"elementor-widget-container\">\n\t\t\t\t\t\t\t<p>Escola EB de Viatodos<br \/>Data: 27\/05\/2024<br \/>Todas as turmas da escola<br \/>Entidade: Munic\u00edpio de Barcelos<br \/>Tema: &#8220;Brincadeiras sem tempo&#8221;, alusivo ao Dia da Crian\u00e7a<\/p><p>A atividade decorreu no Centro H\u00edpico, em Areias de Vilar. Nesta iniciativa, al\u00e9m de um conjunto de jogos tradicionais, foram propostas aos alunos outras atividades e brincadeiras que privilegiam o brincar na natureza.<br \/>Os alunos puderam comemorar o Dia da Crian\u00e7a de forma l\u00fadica e divertida.<\/p><p><img fetchpriority=\"high\" decoding=\"async\" class=\"alignnone size-medium wp-image-5276\" src=\"https:\/\/aevaledeste.pt\/site\/wp-content\/uploads\/2024\/06\/54db38c3-cae2-4fd0-946b-7b45bfbd3561-300x225.jpg\" alt=\"\" width=\"300\" height=\"225\" srcset=\"https:\/\/aevaledeste.pt\/site\/wp-content\/uploads\/2024\/06\/54db38c3-cae2-4fd0-946b-7b45bfbd3561-300x225.jpg 300w, https:\/\/aevaledeste.pt\/site\/wp-content\/uploads\/2024\/06\/54db38c3-cae2-4fd0-946b-7b45bfbd3561-1024x768.jpg 1024w, https:\/\/aevaledeste.pt\/site\/wp-content\/uploads\/2024\/06\/54db38c3-cae2-4fd0-946b-7b45bfbd3561-16x12.jpg 16w, https:\/\/aevaledeste.pt\/site\/wp-content\/uploads\/2024\/06\/54db38c3-cae2-4fd0-946b-7b45bfbd3561.jpg 1600w\" sizes=\"(max-width: 300px) 100vw, 300px\" \/> <img decoding=\"async\" class=\"alignnone  wp-image-5277\" src=\"https:\/\/aevaledeste.pt\/site\/wp-content\/uploads\/2024\/06\/76a4d379-6ddc-4a3b-aff0-0788abb13a2f-300x254.jpg\" alt=\"\" width=\"266\" height=\"225\" srcset=\"https:\/\/aevaledeste.pt\/site\/wp-content\/uploads\/2024\/06\/76a4d379-6ddc-4a3b-aff0-0788abb13a2f-300x254.jpg 300w, https:\/\/aevaledeste.pt\/site\/wp-content\/uploads\/2024\/06\/76a4d379-6ddc-4a3b-aff0-0788abb13a2f-1024x866.jpg 1024w, https:\/\/aevaledeste.pt\/site\/wp-content\/uploads\/2024\/06\/76a4d379-6ddc-4a3b-aff0-0788abb13a2f-14x12.jpg 14w, https:\/\/aevaledeste.pt\/site\/wp-content\/uploads\/2024\/06\/76a4d379-6ddc-4a3b-aff0-0788abb13a2f.jpg 1599w\" sizes=\"(max-width: 266px) 100vw, 266px\" \/> <img decoding=\"async\" class=\"alignnone size-medium wp-image-5278\" src=\"https:\/\/aevaledeste.pt\/site\/wp-content\/uploads\/2024\/06\/54db38c3-cae2-4fd0-946b-7b45bfbd3561-1-300x225.jpg\" alt=\"\" width=\"300\" height=\"225\" srcset=\"https:\/\/aevaledeste.pt\/site\/wp-content\/uploads\/2024\/06\/54db38c3-cae2-4fd0-946b-7b45bfbd3561-1-300x225.jpg 300w, https:\/\/aevaledeste.pt\/site\/wp-content\/uploads\/2024\/06\/54db38c3-cae2-4fd0-946b-7b45bfbd3561-1-1024x768.jpg 1024w, https:\/\/aevaledeste.pt\/site\/wp-content\/uploads\/2024\/06\/54db38c3-cae2-4fd0-946b-7b45bfbd3561-1-16x12.jpg 16w, https:\/\/aevaledeste.pt\/site\/wp-content\/uploads\/2024\/06\/54db38c3-cae2-4fd0-946b-7b45bfbd3561-1.jpg 1600w\" sizes=\"(max-width: 300px) 100vw, 300px\" \/> <img loading=\"lazy\" decoding=\"async\" class=\"alignnone size-medium wp-image-5279\" src=\"https:\/\/aevaledeste.pt\/site\/wp-content\/uploads\/2024\/06\/a5849647-b2c3-421a-9ede-cbf9860ea856-300x225.jpg\" alt=\"\" width=\"300\" height=\"225\" srcset=\"https:\/\/aevaledeste.pt\/site\/wp-content\/uploads\/2024\/06\/a5849647-b2c3-421a-9ede-cbf9860ea856-300x225.jpg 300w, https:\/\/aevaledeste.pt\/site\/wp-content\/uploads\/2024\/06\/a5849647-b2c3-421a-9ede-cbf9860ea856-1024x768.jpg 1024w, https:\/\/aevaledeste.pt\/site\/wp-content\/uploads\/2024\/06\/a5849647-b2c3-421a-9ede-cbf9860ea856-16x12.jpg 16w, https:\/\/aevaledeste.pt\/site\/wp-content\/uploads\/2024\/06\/a5849647-b2c3-421a-9ede-cbf9860ea856.jpg 1600w\" sizes=\"(max-width: 300px) 100vw, 300px\" \/> <img loading=\"lazy\" decoding=\"async\" class=\"alignnone size-medium wp-image-5280\" src=\"https:\/\/aevaledeste.pt\/site\/wp-content\/uploads\/2024\/06\/b0aa1f3e-5958-4270-b26c-5596a05012a5-300x225.jpg\" alt=\"\" width=\"300\" height=\"225\" srcset=\"https:\/\/aevaledeste.pt\/site\/wp-content\/uploads\/2024\/06\/b0aa1f3e-5958-4270-b26c-5596a05012a5-300x225.jpg 300w, https:\/\/aevaledeste.pt\/site\/wp-content\/uploads\/2024\/06\/b0aa1f3e-5958-4270-b26c-5596a05012a5-1024x768.jpg 1024w, https:\/\/aevaledeste.pt\/site\/wp-content\/uploads\/2024\/06\/b0aa1f3e-5958-4270-b26c-5596a05012a5-16x12.jpg 16w, https:\/\/aevaledeste.pt\/site\/wp-content\/uploads\/2024\/06\/b0aa1f3e-5958-4270-b26c-5596a05012a5.jpg 1600w\" sizes=\"(max-width: 300px) 100vw, 300px\" \/> <img loading=\"lazy\" decoding=\"async\" class=\"alignnone  wp-image-5282\" src=\"https:\/\/aevaledeste.pt\/site\/wp-content\/uploads\/2024\/06\/dd2e5763-783e-4a9a-bbed-e8f65d9fdd3c-225x300.jpg\" alt=\"\" width=\"167\" height=\"222\" srcset=\"https:\/\/aevaledeste.pt\/site\/wp-content\/uploads\/2024\/06\/dd2e5763-783e-4a9a-bbed-e8f65d9fdd3c-225x300.jpg 225w, https:\/\/aevaledeste.pt\/site\/wp-content\/uploads\/2024\/06\/dd2e5763-783e-4a9a-bbed-e8f65d9fdd3c-768x1024.jpg 768w, https:\/\/aevaledeste.pt\/site\/wp-content\/uploads\/2024\/06\/dd2e5763-783e-4a9a-bbed-e8f65d9fdd3c-9x12.jpg 9w, https:\/\/aevaledeste.pt\/site\/wp-content\/uploads\/2024\/06\/dd2e5763-783e-4a9a-bbed-e8f65d9fdd3c.jpg 1200w\" sizes=\"(max-width: 167px) 100vw, 167px\" \/> <img loading=\"lazy\" decoding=\"async\" class=\"alignnone size-medium wp-image-5281\" src=\"https:\/\/aevaledeste.pt\/site\/wp-content\/uploads\/2024\/06\/f8d988dd-95f0-45f6-87bf-cd84164cc645-300x146.jpg\" alt=\"\" width=\"300\" height=\"146\" srcset=\"https:\/\/aevaledeste.pt\/site\/wp-content\/uploads\/2024\/06\/f8d988dd-95f0-45f6-87bf-cd84164cc645-300x146.jpg 300w, https:\/\/aevaledeste.pt\/site\/wp-content\/uploads\/2024\/06\/f8d988dd-95f0-45f6-87bf-cd84164cc645-1024x498.jpg 1024w, https:\/\/aevaledeste.pt\/site\/wp-content\/uploads\/2024\/06\/f8d988dd-95f0-45f6-87bf-cd84164cc645-18x9.jpg 18w, https:\/\/aevaledeste.pt\/site\/wp-content\/uploads\/2024\/06\/f8d988dd-95f0-45f6-87bf-cd84164cc645.jpg 2016w\" sizes=\"(max-width: 300px) 100vw, 300px\" \/> <img loading=\"lazy\" decoding=\"async\" class=\"alignnone size-medium wp-image-5275\" src=\"https:\/\/aevaledeste.pt\/site\/wp-content\/uploads\/2024\/06\/13ab7c24-8b6d-4693-b2c1-6561913783d4-300x146.jpg\" alt=\"\" width=\"300\" height=\"146\" srcset=\"https:\/\/aevaledeste.pt\/site\/wp-content\/uploads\/2024\/06\/13ab7c24-8b6d-4693-b2c1-6561913783d4-300x146.jpg 300w, https:\/\/aevaledeste.pt\/site\/wp-content\/uploads\/2024\/06\/13ab7c24-8b6d-4693-b2c1-6561913783d4-1024x498.jpg 1024w, https:\/\/aevaledeste.pt\/site\/wp-content\/uploads\/2024\/06\/13ab7c24-8b6d-4693-b2c1-6561913783d4-18x9.jpg 18w, https:\/\/aevaledeste.pt\/site\/wp-content\/uploads\/2024\/06\/13ab7c24-8b6d-4693-b2c1-6561913783d4.jpg 2016w\" sizes=\"(max-width: 300px) 100vw, 300px\" \/><\/p>\t\t\t\t\t\t<\/div>\n\t\t\t\t<\/div>\n\t\t\t\t\t<\/div>\n\t\t<\/div>\n\t\t\t\t\t<\/div>\n\t\t<\/section>\n\t\t\t\t<\/div>","protected":false},"excerpt":{"rendered":"<p>Escola EB de ViatodosData: 27\/05\/2024Todas as turmas da escolaEntidade: Munic\u00edpio de BarcelosTema: &#8220;Brincadeiras sem tempo&#8221;, alusivo ao Dia da Crian\u00e7a A atividade decorreu no Centro H\u00edpico, em Areias de Vilar. Nesta iniciativa, al\u00e9m de um conjunto de jogos tradicionais, foram propostas aos alunos outras atividades&nbsp;<a href=\"https:\/\/aevaledeste.pt\/site\/en\/brincadeiras-sem-tempo-eb-de-viatodos\/\">&hellip;<\/a><\/p>","protected":false},"author":5,"featured_media":0,"comment_status":"closed","ping_status":"closed","sticky":false,"template":"","format":"standard","meta":{"footnotes":""},"categories":[1],"tags":[],"class_list":["post-5273","post","type-post","status-publish","format-standard","hentry","category-noticias","odd"],"yoast_head":"<!-- This site is optimized with the Yoast SEO plugin v23.7 - https:\/\/yoast.com\/wordpress\/plugins\/seo\/ -->\n<title>Brincadeiras sem tempo - EB de Viatodos - Agrupamento de Escolas de Vale D&#039;Este<\/title>\n<meta name=\"robots\" content=\"index, follow, max-snippet:-1, max-image-preview:large, max-video-preview:-1\" \/>\n<link rel=\"canonical\" href=\"https:\/\/aevaledeste.pt\/site\/en\/brincadeiras-sem-tempo-eb-de-viatodos\/\" \/>\n<meta property=\"og:locale\" content=\"en_US\" \/>\n<meta property=\"og:type\" content=\"article\" \/>\n<meta property=\"og:title\" content=\"Brincadeiras sem tempo - EB de Viatodos - Agrupamento de Escolas de Vale D&#039;Este\" \/>\n<meta property=\"og:description\" content=\"Escola EB de ViatodosData: 27\/05\/2024Todas as turmas da escolaEntidade: Munic\u00edpio de BarcelosTema: &#8220;Brincadeiras sem tempo&#8221;, alusivo ao Dia da Crian\u00e7a A atividade decorreu no Centro H\u00edpico, em Areias de Vilar. Nesta iniciativa, al\u00e9m de um conjunto de jogos tradicionais, foram propostas aos alunos outras atividades&nbsp;&hellip;\" \/>\n<meta property=\"og:url\" content=\"https:\/\/aevaledeste.pt\/site\/en\/brincadeiras-sem-tempo-eb-de-viatodos\/\" \/>\n<meta property=\"og:site_name\" content=\"Agrupamento de Escolas de Vale D&#039;Este\" \/>\n<meta property=\"article:published_time\" content=\"2024-06-02T20:06:52+00:00\" \/>\n<meta property=\"article:modified_time\" content=\"2024-06-02T20:07:21+00:00\" \/>\n<meta property=\"og:image\" content=\"https:\/\/aevaledeste.pt\/site\/wp-content\/uploads\/2024\/06\/54db38c3-cae2-4fd0-946b-7b45bfbd3561.jpg\" \/>\n\t<meta property=\"og:image:width\" content=\"1600\" \/>\n\t<meta property=\"og:image:height\" content=\"1200\" \/>\n\t<meta property=\"og:image:type\" content=\"image\/jpeg\" \/>\n<meta name=\"author\" content=\"Agrupamento de Escolas De Vale D&#039;Este\" \/>\n<meta name=\"twitter:card\" content=\"summary_large_image\" \/>\n<meta name=\"twitter:label1\" content=\"Written by\" \/>\n\t<meta name=\"twitter:data1\" content=\"Agrupamento de Escolas De Vale D&#039;Este\" \/>\n<script type=\"application\/ld+json\" class=\"yoast-schema-graph\">{\"@context\":\"https:\/\/schema.org\",\"@graph\":[{\"@type\":\"Article\",\"@id\":\"https:\/\/aevaledeste.pt\/site\/brincadeiras-sem-tempo-eb-de-viatodos\/#article\",\"isPartOf\":{\"@id\":\"https:\/\/aevaledeste.pt\/site\/brincadeiras-sem-tempo-eb-de-viatodos\/\"},\"author\":{\"name\":\"Agrupamento de Escolas De Vale D'Este\",\"@id\":\"https:\/\/aevaledeste.pt\/site\/#\/schema\/person\/7aedd04578439e4ebc023ee04390ddd5\"},\"headline\":\"Brincadeiras sem tempo &#8211; EB de Viatodos\",\"datePublished\":\"2024-06-02T20:06:52+00:00\",\"dateModified\":\"2024-06-02T20:07:21+00:00\",\"mainEntityOfPage\":{\"@id\":\"https:\/\/aevaledeste.pt\/site\/brincadeiras-sem-tempo-eb-de-viatodos\/\"},\"wordCount\":79,\"publisher\":{\"@id\":\"https:\/\/aevaledeste.pt\/site\/#organization\"},\"image\":{\"@id\":\"https:\/\/aevaledeste.pt\/site\/brincadeiras-sem-tempo-eb-de-viatodos\/#primaryimage\"},\"thumbnailUrl\":\"https:\/\/aevaledeste.pt\/site\/wp-content\/uploads\/2024\/06\/54db38c3-cae2-4fd0-946b-7b45bfbd3561-300x225.jpg\",\"articleSection\":[\"Noticias\"],\"inLanguage\":\"en-US\"},{\"@type\":\"WebPage\",\"@id\":\"https:\/\/aevaledeste.pt\/site\/brincadeiras-sem-tempo-eb-de-viatodos\/\",\"url\":\"https:\/\/aevaledeste.pt\/site\/brincadeiras-sem-tempo-eb-de-viatodos\/\",\"name\":\"Brincadeiras sem tempo - EB de Viatodos - Agrupamento de Escolas de Vale D&#039;Este\",\"isPartOf\":{\"@id\":\"https:\/\/aevaledeste.pt\/site\/#website\"},\"primaryImageOfPage\":{\"@id\":\"https:\/\/aevaledeste.pt\/site\/brincadeiras-sem-tempo-eb-de-viatodos\/#primaryimage\"},\"image\":{\"@id\":\"https:\/\/aevaledeste.pt\/site\/brincadeiras-sem-tempo-eb-de-viatodos\/#primaryimage\"},\"thumbnailUrl\":\"https:\/\/aevaledeste.pt\/site\/wp-content\/uploads\/2024\/06\/54db38c3-cae2-4fd0-946b-7b45bfbd3561-300x225.jpg\",\"datePublished\":\"2024-06-02T20:06:52+00:00\",\"dateModified\":\"2024-06-02T20:07:21+00:00\",\"breadcrumb\":{\"@id\":\"https:\/\/aevaledeste.pt\/site\/brincadeiras-sem-tempo-eb-de-viatodos\/#breadcrumb\"},\"inLanguage\":\"en-US\",\"potentialAction\":[{\"@type\":\"ReadAction\",\"target\":[\"https:\/\/aevaledeste.pt\/site\/brincadeiras-sem-tempo-eb-de-viatodos\/\"]}]},{\"@type\":\"ImageObject\",\"inLanguage\":\"en-US\",\"@id\":\"https:\/\/aevaledeste.pt\/site\/brincadeiras-sem-tempo-eb-de-viatodos\/#primaryimage\",\"url\":\"https:\/\/aevaledeste.pt\/site\/wp-content\/uploads\/2024\/06\/54db38c3-cae2-4fd0-946b-7b45bfbd3561-300x225.jpg\",\"contentUrl\":\"https:\/\/aevaledeste.pt\/site\/wp-content\/uploads\/2024\/06\/54db38c3-cae2-4fd0-946b-7b45bfbd3561-300x225.jpg\"},{\"@type\":\"BreadcrumbList\",\"@id\":\"https:\/\/aevaledeste.pt\/site\/brincadeiras-sem-tempo-eb-de-viatodos\/#breadcrumb\",\"itemListElement\":[{\"@type\":\"ListItem\",\"position\":1,\"name\":\"In\u00edcio\",\"item\":\"https:\/\/aevaledeste.pt\/site\/\"},{\"@type\":\"ListItem\",\"position\":2,\"name\":\"Brincadeiras sem tempo &#8211; EB de Viatodos\"}]},{\"@type\":\"WebSite\",\"@id\":\"https:\/\/aevaledeste.pt\/site\/#website\",\"url\":\"https:\/\/aevaledeste.pt\/site\/\",\"name\":\"Agrupamento de Escolas de Vale D&#039;Este\",\"description\":\"Faz a tua escolha!\",\"publisher\":{\"@id\":\"https:\/\/aevaledeste.pt\/site\/#organization\"},\"potentialAction\":[{\"@type\":\"SearchAction\",\"target\":{\"@type\":\"EntryPoint\",\"urlTemplate\":\"https:\/\/aevaledeste.pt\/site\/?s={search_term_string}\"},\"query-input\":{\"@type\":\"PropertyValueSpecification\",\"valueRequired\":true,\"valueName\":\"search_term_string\"}}],\"inLanguage\":\"en-US\"},{\"@type\":\"Organization\",\"@id\":\"https:\/\/aevaledeste.pt\/site\/#organization\",\"name\":\"Agrupamento de Escolas de Vale D&#039;Este\",\"url\":\"https:\/\/aevaledeste.pt\/site\/\",\"logo\":{\"@type\":\"ImageObject\",\"inLanguage\":\"en-US\",\"@id\":\"https:\/\/aevaledeste.pt\/site\/#\/schema\/logo\/image\/\",\"url\":\"https:\/\/aevaledeste.pt\/site\/wp-content\/uploads\/2022\/09\/1-e1664446422139.png\",\"contentUrl\":\"https:\/\/aevaledeste.pt\/site\/wp-content\/uploads\/2022\/09\/1-e1664446422139.png\",\"width\":600,\"height\":78,\"caption\":\"Agrupamento de Escolas de Vale D&#039;Este\"},\"image\":{\"@id\":\"https:\/\/aevaledeste.pt\/site\/#\/schema\/logo\/image\/\"}},{\"@type\":\"Person\",\"@id\":\"https:\/\/aevaledeste.pt\/site\/#\/schema\/person\/7aedd04578439e4ebc023ee04390ddd5\",\"name\":\"Agrupamento de Escolas De Vale D'Este\",\"image\":{\"@type\":\"ImageObject\",\"inLanguage\":\"en-US\",\"@id\":\"https:\/\/aevaledeste.pt\/site\/#\/schema\/person\/image\/\",\"url\":\"https:\/\/secure.gravatar.com\/avatar\/17cc01e9d7154b6e3eb494fe0786922a12c603458f3d4d50e11698f8b9953d74?s=96&d=mm&r=g\",\"contentUrl\":\"https:\/\/secure.gravatar.com\/avatar\/17cc01e9d7154b6e3eb494fe0786922a12c603458f3d4d50e11698f8b9953d74?s=96&d=mm&r=g\",\"caption\":\"Agrupamento de Escolas De Vale D'Este\"},\"url\":\"https:\/\/aevaledeste.pt\/site\/en\/author\/aeve\/\"}]}<\/script>\n<!-- \/ Yoast SEO plugin. -->","yoast_head_json":{"title":"Brincadeiras sem tempo - EB de Viatodos - Agrupamento de Escolas de Vale D&#039;Este","robots":{"index":"index","follow":"follow","max-snippet":"max-snippet:-1","max-image-preview":"max-image-preview:large","max-video-preview":"max-video-preview:-1"},"canonical":"https:\/\/aevaledeste.pt\/site\/en\/brincadeiras-sem-tempo-eb-de-viatodos\/","og_locale":"en_US","og_type":"article","og_title":"Brincadeiras sem tempo - EB de Viatodos - Agrupamento de Escolas de Vale D&#039;Este","og_description":"Escola EB de ViatodosData: 27\/05\/2024Todas as turmas da escolaEntidade: Munic\u00edpio de BarcelosTema: &#8220;Brincadeiras sem tempo&#8221;, alusivo ao Dia da Crian\u00e7a A atividade decorreu no Centro H\u00edpico, em Areias de Vilar. Nesta iniciativa, al\u00e9m de um conjunto de jogos tradicionais, foram propostas aos alunos outras atividades&nbsp;&hellip;","og_url":"https:\/\/aevaledeste.pt\/site\/en\/brincadeiras-sem-tempo-eb-de-viatodos\/","og_site_name":"Agrupamento de Escolas de Vale D&#039;Este","article_published_time":"2024-06-02T20:06:52+00:00","article_modified_time":"2024-06-02T20:07:21+00:00","og_image":[{"width":1600,"height":1200,"url":"https:\/\/aevaledeste.pt\/site\/wp-content\/uploads\/2024\/06\/54db38c3-cae2-4fd0-946b-7b45bfbd3561.jpg","type":"image\/jpeg"}],"author":"Agrupamento de Escolas De Vale D'Este","twitter_card":"summary_large_image","twitter_misc":{"Written by":"Agrupamento de Escolas De Vale D'Este"},"schema":{"@context":"https:\/\/schema.org","@graph":[{"@type":"Article","@id":"https:\/\/aevaledeste.pt\/site\/brincadeiras-sem-tempo-eb-de-viatodos\/#article","isPartOf":{"@id":"https:\/\/aevaledeste.pt\/site\/brincadeiras-sem-tempo-eb-de-viatodos\/"},"author":{"name":"Agrupamento de Escolas De Vale D'Este","@id":"https:\/\/aevaledeste.pt\/site\/#\/schema\/person\/7aedd04578439e4ebc023ee04390ddd5"},"headline":"Brincadeiras sem tempo &#8211; EB de Viatodos","datePublished":"2024-06-02T20:06:52+00:00","dateModified":"2024-06-02T20:07:21+00:00","mainEntityOfPage":{"@id":"https:\/\/aevaledeste.pt\/site\/brincadeiras-sem-tempo-eb-de-viatodos\/"},"wordCount":79,"publisher":{"@id":"https:\/\/aevaledeste.pt\/site\/#organization"},"image":{"@id":"https:\/\/aevaledeste.pt\/site\/brincadeiras-sem-tempo-eb-de-viatodos\/#primaryimage"},"thumbnailUrl":"https:\/\/aevaledeste.pt\/site\/wp-content\/uploads\/2024\/06\/54db38c3-cae2-4fd0-946b-7b45bfbd3561-300x225.jpg","articleSection":["Noticias"],"inLanguage":"en-US"},{"@type":"WebPage","@id":"https:\/\/aevaledeste.pt\/site\/brincadeiras-sem-tempo-eb-de-viatodos\/","url":"https:\/\/aevaledeste.pt\/site\/brincadeiras-sem-tempo-eb-de-viatodos\/","name":"Brincadeiras sem tempo - EB de Viatodos - Agrupamento de Escolas de Vale D&#039;Este","isPartOf":{"@id":"https:\/\/aevaledeste.pt\/site\/#website"},"primaryImageOfPage":{"@id":"https:\/\/aevaledeste.pt\/site\/brincadeiras-sem-tempo-eb-de-viatodos\/#primaryimage"},"image":{"@id":"https:\/\/aevaledeste.pt\/site\/brincadeiras-sem-tempo-eb-de-viatodos\/#primaryimage"},"thumbnailUrl":"https:\/\/aevaledeste.pt\/site\/wp-content\/uploads\/2024\/06\/54db38c3-cae2-4fd0-946b-7b45bfbd3561-300x225.jpg","datePublished":"2024-06-02T20:06:52+00:00","dateModified":"2024-06-02T20:07:21+00:00","breadcrumb":{"@id":"https:\/\/aevaledeste.pt\/site\/brincadeiras-sem-tempo-eb-de-viatodos\/#breadcrumb"},"inLanguage":"en-US","potentialAction":[{"@type":"ReadAction","target":["https:\/\/aevaledeste.pt\/site\/brincadeiras-sem-tempo-eb-de-viatodos\/"]}]},{"@type":"ImageObject","inLanguage":"en-US","@id":"https:\/\/aevaledeste.pt\/site\/brincadeiras-sem-tempo-eb-de-viatodos\/#primaryimage","url":"https:\/\/aevaledeste.pt\/site\/wp-content\/uploads\/2024\/06\/54db38c3-cae2-4fd0-946b-7b45bfbd3561-300x225.jpg","contentUrl":"https:\/\/aevaledeste.pt\/site\/wp-content\/uploads\/2024\/06\/54db38c3-cae2-4fd0-946b-7b45bfbd3561-300x225.jpg"},{"@type":"BreadcrumbList","@id":"https:\/\/aevaledeste.pt\/site\/brincadeiras-sem-tempo-eb-de-viatodos\/#breadcrumb","itemListElement":[{"@type":"ListItem","position":1,"name":"In\u00edcio","item":"https:\/\/aevaledeste.pt\/site\/"},{"@type":"ListItem","position":2,"name":"Brincadeiras sem tempo &#8211; EB de Viatodos"}]},{"@type":"WebSite","@id":"https:\/\/aevaledeste.pt\/site\/#website","url":"https:\/\/aevaledeste.pt\/site\/","name":"Agrupamento de Escolas de Vale D&#039;Este","description":"Faz a tua escolha!","publisher":{"@id":"https:\/\/aevaledeste.pt\/site\/#organization"},"potentialAction":[{"@type":"SearchAction","target":{"@type":"EntryPoint","urlTemplate":"https:\/\/aevaledeste.pt\/site\/?s={search_term_string}"},"query-input":{"@type":"PropertyValueSpecification","valueRequired":true,"valueName":"search_term_string"}}],"inLanguage":"en-US"},{"@type":"Organization","@id":"https:\/\/aevaledeste.pt\/site\/#organization","name":"Agrupamento de Escolas de Vale D&#039;Este","url":"https:\/\/aevaledeste.pt\/site\/","logo":{"@type":"ImageObject","inLanguage":"en-US","@id":"https:\/\/aevaledeste.pt\/site\/#\/schema\/logo\/image\/","url":"https:\/\/aevaledeste.pt\/site\/wp-content\/uploads\/2022\/09\/1-e1664446422139.png","contentUrl":"https:\/\/aevaledeste.pt\/site\/wp-content\/uploads\/2022\/09\/1-e1664446422139.png","width":600,"height":78,"caption":"Agrupamento de Escolas de Vale D&#039;Este"},"image":{"@id":"https:\/\/aevaledeste.pt\/site\/#\/schema\/logo\/image\/"}},{"@type":"Person","@id":"https:\/\/aevaledeste.pt\/site\/#\/schema\/person\/7aedd04578439e4ebc023ee04390ddd5","name":"Agrupamento de Escolas De Vale D'Este","image":{"@type":"ImageObject","inLanguage":"en-US","@id":"https:\/\/aevaledeste.pt\/site\/#\/schema\/person\/image\/","url":"https:\/\/secure.gravatar.com\/avatar\/17cc01e9d7154b6e3eb494fe0786922a12c603458f3d4d50e11698f8b9953d74?s=96&d=mm&r=g","contentUrl":"https:\/\/secure.gravatar.com\/avatar\/17cc01e9d7154b6e3eb494fe0786922a12c603458f3d4d50e11698f8b9953d74?s=96&d=mm&r=g","caption":"Agrupamento de Escolas De Vale D'Este"},"url":"https:\/\/aevaledeste.pt\/site\/en\/author\/aeve\/"}]}},"_links":{"self":[{"href":"https:\/\/aevaledeste.pt\/site\/en\/wp-json\/wp\/v2\/posts\/5273","targetHints":{"allow":["GET"]}}],"collection":[{"href":"https:\/\/aevaledeste.pt\/site\/en\/wp-json\/wp\/v2\/posts"}],"about":[{"href":"https:\/\/aevaledeste.pt\/site\/en\/wp-json\/wp\/v2\/types\/post"}],"author":[{"embeddable":true,"href":"https:\/\/aevaledeste.pt\/site\/en\/wp-json\/wp\/v2\/users\/5"}],"replies":[{"embeddable":true,"href":"https:\/\/aevaledeste.pt\/site\/en\/wp-json\/wp\/v2\/comments?post=5273"}],"version-history":[{"count":4,"href":"https:\/\/aevaledeste.pt\/site\/en\/wp-json\/wp\/v2\/posts\/5273\/revisions"}],"predecessor-version":[{"id":5285,"href":"https:\/\/aevaledeste.pt\/site\/en\/wp-json\/wp\/v2\/posts\/5273\/revisions\/5285"}],"wp:attachment":[{"href":"https:\/\/aevaledeste.pt\/site\/en\/wp-json\/wp\/v2\/media?parent=5273"}],"wp:term":[{"taxonomy":"category","embeddable":true,"href":"https:\/\/aevaledeste.pt\/site\/en\/wp-json\/wp\/v2\/categories?post=5273"},{"taxonomy":"post_tag","embeddable":true,"href":"https:\/\/aevaledeste.pt\/site\/en\/wp-json\/wp\/v2\/tags?post=5273"}],"curies":[{"name":"wp","href":"https:\/\/api.w.org\/{rel}","templated":true}]}}