{"id":1515,"date":"2022-11-30T16:25:19","date_gmt":"2022-11-30T16:25:19","guid":{"rendered":"https:\/\/testevaledeste.pt\/angela\/?p=1515"},"modified":"2022-11-30T16:33:09","modified_gmt":"2022-11-30T16:33:09","slug":"selo-de-qualidade-eqavet-visita-de-verificacao-de-conformidade-24-de-setembro-de-2021","status":"publish","type":"post","link":"https:\/\/aevaledeste.pt\/site\/en\/selo-de-qualidade-eqavet-visita-de-verificacao-de-conformidade-24-de-setembro-de-2021\/","title":{"rendered":"Selo de Qualidade EQAVET Visita de Verifica\u00e7\u00e3o de Conformidade (24 de setembro de 2021)"},"content":{"rendered":"<div data-elementor-type=\"wp-post\" data-elementor-id=\"1515\" class=\"elementor elementor-1515\">\n\t\t\t\t\t\t<section class=\"elementor-section elementor-top-section elementor-element elementor-element-73fe905a elementor-section-boxed elementor-section-height-default elementor-section-height-default\" data-id=\"73fe905a\" data-element_type=\"section\">\n\t\t\t\t\t\t<div class=\"elementor-container elementor-column-gap-default\">\n\t\t\t\t\t<div class=\"elementor-column elementor-col-100 elementor-top-column elementor-element elementor-element-11ed3a87\" data-id=\"11ed3a87\" data-element_type=\"column\">\n\t\t\t<div class=\"elementor-widget-wrap elementor-element-populated\">\n\t\t\t\t\t\t<div class=\"elementor-element elementor-element-1e9c731b elementor-widget elementor-widget-text-editor\" data-id=\"1e9c731b\" data-element_type=\"widget\" data-widget_type=\"text-editor.default\">\n\t\t\t\t<div class=\"elementor-widget-container\">\n\t\t\t\t\t\t\t<p>O processo EQAVET mant\u00e9m-se em marcha no nosso Agrupamento. Depois da atribui\u00e7\u00e3o do Selo de Qualidade consignado a um ano, ocorrida em setembro de 2020, e ap\u00f3s aturado trabalho por parte do Agrupamento (e, em especial, da equipa EQAVET, docentes, alunos, encarregados de educa\u00e7\u00e3o e stakeholders\/ colaboradores-parceiros), foi poss\u00edvel construir um referencial pr\u00f3prio que identifica as nossas metas em termos de Qualidade, por um lado, e dar resposta aos desafios de melhoria resultantes da auditoria de 2020, por outro.<\/p><p>Um ano depois, e completado este processo, o Agrupamento informa a Comunidade Educativa de que a nova sess\u00e3o de Verifica\u00e7\u00e3o de Conformidade EQAVET est\u00e1 agendada para o dia 24 de setembro de 2021, sexta-feira, refletindo os trabalhos o alinhamento constante do cronograma infra.<\/p><p>Agradecemos a todos aqueles que se envolveram de forma viva e participada neste trabalho de afirma\u00e7\u00e3o do Agrupamento no Processo da Qualidade a sua energia e o seu entusiasmo. Aguardamos serena e responsavelmente a concretiza\u00e7\u00e3o dos trabalhos, seguros de que hoje somos uma Escola mais estruturada e preparada para face aos desafios do futuro do que o fomos no passado.<\/p><p>Visita\u00a0<em>in loco\u00a0<\/em>de verifica\u00e7\u00e3o de conformidade EQAVET \u2013\u00a0<strong>Programa e Intervenientes<\/strong><\/p><table border=\"1\"><tbody><tr><td><p><strong>Hora<\/strong><\/p><\/td><td><p><strong>Atividade &#8211; Metodologia<\/strong><\/p><\/td><td><p><strong>Intervenientes<\/strong><\/p><\/td><td><p><strong>Nome e<\/strong><\/p><p><strong>cargo\/fun\u00e7\u00e3o<\/strong><\/p><\/td><\/tr><tr><td><p>9:30\u201311:30<\/p><\/td><td><p>Reuni\u00e3o inicial.<\/p><p>\u00a0<\/p><p>A entidade \u00e9 convidada a apresentar, de forma sucinta, o processo de alinhamento com o Quadro EQAVET e respetivas evid\u00eancias.<\/p><p>\u00a0<\/p><p>A equipa de peritos solicita esclarecimentos, face \u00e0 informa\u00e7\u00e3o prestada e \u00e0 pr\u00e9via an\u00e1lise documental realizada.<\/p><\/td><td><p>&#8211; O Respons\u00e1vel da Entidade Formadora.<\/p><p>&#8211; O Respons\u00e1vel da Qualidade.<\/p><p>&#8211; O Diretor Pedag\u00f3gico.<\/p><p>(caso algumas destas fun\u00e7\u00f5es sejam exercidas pela mesma pessoa, incluir a participa\u00e7\u00e3o de algu\u00e9m relevante face ao objetivo da reuni\u00e3o, para garantir tr\u00eas presen\u00e7as).<\/p><\/td><td><p>&#8211; Prof.\u00a0<strong>Lu\u00eds Dias Ramos<\/strong>\u00a0(Diretor do Agrupamento).<\/p><p>&#8211; Prof.\u00a0<strong>Jorge Pimenta<\/strong>\u00a0(Adjunto do Diretor para o Ensino Secund\u00e1rio).<\/p><p>&#8211; Prof.\u00a0<strong>Helena Oliveira<\/strong>\u00a0(Coordenadora dos Cursos profissionais).<\/p><\/td><\/tr><tr><td><p>11:30-12:30<\/p><\/td><td><p>An\u00e1lise documental.<\/p><p>\u00a0<\/p><p>A equipa de peritos verifica documentalmente evid\u00eancias apresentadas e clarifica ou identifica quest\u00f5es a colocar nas reuni\u00f5es com os pain\u00e9is de\u00a0<em>stakeholders\u00a0<\/em>internos e externos.<\/p><\/td><td><p>Interlocutor para orientar e prestar assist\u00eancia \u00e0 consulta da documenta\u00e7\u00e3o.<\/p><\/td><td><p>&#8211; \u00a0<strong>Em\u00edlia Miranda<\/strong>\u00a0(Secret\u00e1ria da Dire\u00e7\u00e3o\/Diretor).<\/p><\/td><\/tr><tr><td><p>14:00-15:00<\/p><p>\u00a0<\/p><\/td><td><p>Reuni\u00e3o com o painel de s<em>takeholders\u00a0<\/em>externos.<\/p><p>\u00a0<\/p><p>A equipa de peritos ausculta os intervenientes sobre o seu envolvimento no processo e as suas perspetivas sobre as \u00e1reas de melhoria identificadas.<\/p><\/td><td><p>&#8211; 2 dos atuais empregadores de diplomados pela entidade.<\/p><p>&#8211; 1 elemento do \u00f3rg\u00e3o consultivo da entidade.<\/p><p>&#8211; 1 dos atuais Tutores da FCT.<\/p><p>&#8211; 1 encarregado de educa\u00e7\u00e3o pertencente \u00e0 Associa\u00e7\u00e3o de Pais.<\/p><p>&#8211; 1 encarregado de educa\u00e7\u00e3o n\u00e3o pertencente \u00e0 Associa\u00e7\u00e3o de Pais.<\/p><\/td><td><p>&#8211;\u00a0<strong>Bruno Peixoto<\/strong>, Diretor do Hotel Ap\u00falia-Praia.<\/p><p>&#8211;\u00a0<strong>S\u00e9rgio Marques<\/strong>, gerente da empresa Dar Ideias.<\/p><table width=\"185\"><tbody><tr><td width=\"185\"><p>&#8211; Prof.\u00a0<strong>\u00c2ngela Viegas<\/strong>\u00a0(Tutor \u2013 Curso Profissional de T\u00e9cnico de Multim\u00e9dia).<\/p><p>&#8211;\u00a0<strong>Sandra Ferreira<\/strong>\u00a0(EE curso Prof. T. Op. Tur\u00edsticas).<\/p><p>&#8211;\u00a0<strong>Jos\u00e9 Alberto Cruz<\/strong>\u00a0(Rep. EE curso Prof. T. Multim\u00e9dia).<\/p><\/td><\/tr><\/tbody><\/table><\/td><\/tr><tr><td><p>15:00-15:40<\/p><\/td><td><p>Reuni\u00e3o com o painel de alunos.<\/p><p>\u00a0<\/p><p>A equipa de peritos ausculta os intervenientes sobre o seu envolvimento no processo e as suas perspetivas sobre as \u00e1reas de melhoria identificadas.<\/p><\/td><td><p>&#8211; Tr\u00eas alunos finalistas, sempre que poss\u00edvel de cursos diferentes.<\/p><\/td><td><p>&#8211;\u00a0<strong>Beatriz Moreira Ferreira<\/strong>\u00a0&#8211; aluna finalista do curso profissional de T\u00e9cnico de Opera\u00e7\u00f5es Tur\u00edsticas.<\/p><p>&#8211;\u00a0<strong>Sim\u00e3o Dias<\/strong>\u00a0&#8211; aluno do Curso Profissional de T\u00e9cnico de Multim\u00e9dia.<\/p><p>&#8211;\u00a0<strong>Andr\u00e9 Ara\u00fajo<\/strong>\u00a0(ex-aluno do Curso Profissional de T\u00e9cnico de Turismo).<\/p><p>\u00a0&#8211;\u00a0<strong>Jo\u00e3o Ara\u00fajo<\/strong>\u00a0(ex-aluno do Curso Profissional de T\u00e9cnico de Multim\u00e9dia).<\/p><p>\u00a0<\/p><\/td><\/tr><tr><td><p>15:40-17:00<\/p><\/td><td><p>Reuni\u00e3o com o painel de outros\u00a0<em>stakeholders<\/em><\/p><p>Internos.<\/p><p>\u00a0<\/p><p>A equipa de peritos ausculta os intervenientes sobre o seu envolvimento no processo e as suas perspetivas sobre as \u00e1reas de melhoria identificadas.<\/p><\/td><td><p>&#8211; 2 Diretores de Curso ou 1 Diretor de Curso e um Diretor de Turma.<\/p><p>&#8211; 2 professores, sendo necessariamente 1 da componente t\u00e9cnica.<\/p><p>&#8211; 1 T\u00e9cnico do Servi\u00e7o de Orienta\u00e7\u00e3o ou algu\u00e9m que a institui\u00e7\u00e3o entenda dever estar presente<\/p><p>&#8211; 1 representante do pessoal n\u00e3o docente.<\/p><\/td><td><p>&#8211; Prof.\u00a0<strong>Jo\u00e3o Lu\u00eds Silva<\/strong>\u00a0(Diretor de Curso\/Turma \u2013 T\u00e9cnico de Turismo).<\/p><p>&#8211; Prof.\u00a0\u00a0<strong>Nuno Fernandes<\/strong>\u00a0(Diretor de Curso\/Turma \u2013 T\u00e9cnico de Multim\u00e9dia).<\/p><p>&#8211; Professores:\u00a0<strong>Andreia Pinto<\/strong>\u00a0e<strong>\u00a0Ant\u00f3nio Silva.<\/strong><\/p><p>&#8211; Psic\u00f3logas\u00a0<strong>Marta Fernandes<\/strong>\u00a0e\u00a0<strong>Patr\u00edcia Oliveira<\/strong>\u00a0(Servi\u00e7o de Psicologia e Orienta\u00e7\u00e3o)<\/p><p>&#8211;\u00a0<strong>Helena Ara\u00fajo<\/strong>\u00a0(Assistente T\u00e9cnica).<\/p><\/td><\/tr><tr><td><p>17:15-17:45<\/p><\/td><td><p>Reuni\u00e3o Final.<\/p><p>\u00a0<\/p><p>A equipa de peritos ausculta os intervenientes sobre o processo de verifica\u00e7\u00e3o de conformidade EQAVET e salienta aspetos identificados, a ponderar no relat\u00f3rio a produzir na sequ\u00eancia da visita.<\/p><\/td><td><p>O Respons\u00e1vel da Entidade Formadora.<\/p><p>O Respons\u00e1vel da Qualidade.<\/p><p>O Diretor Pedag\u00f3gico.<\/p><p>(caso algumas destas fun\u00e7\u00f5es sejam exercidas pela mesma pessoa, incluir a participa\u00e7\u00e3o de algu\u00e9m relevante face ao objetivo da reuni\u00e3o, para garantir tr\u00eas presen\u00e7as).<\/p><\/td><td><p>&#8211; Prof.\u00a0<strong>Lu\u00eds Dias Ramos<\/strong>\u00a0(Diretor do Agrupamento).<\/p><p>&#8211;\u00a0<strong>Prof. Jorge Pimenta<\/strong>\u00a0(Adjunto do Diretor para o Ensino Secund\u00e1rio).<\/p><p>\u00a0&#8211; Prof.\u00a0<strong>Helena Oliveira<\/strong>\u00a0(Coordenadora dos Cursos profissionais).<\/p><p>\u00a0<\/p><\/td><\/tr><\/tbody><\/table>\t\t\t\t\t\t<\/div>\n\t\t\t\t<\/div>\n\t\t\t\t\t<\/div>\n\t\t<\/div>\n\t\t\t\t\t<\/div>\n\t\t<\/section>\n\t\t\t\t<\/div>","protected":false},"excerpt":{"rendered":"<p>O processo EQAVET mant\u00e9m-se em marcha no nosso Agrupamento. Depois da atribui\u00e7\u00e3o do Selo de Qualidade consignado a um ano, ocorrida em setembro de 2020, e ap\u00f3s aturado trabalho por parte do Agrupamento (e, em especial, da equipa EQAVET, docentes, alunos, encarregados de educa\u00e7\u00e3o e&nbsp;<a href=\"https:\/\/aevaledeste.pt\/site\/en\/selo-de-qualidade-eqavet-visita-de-verificacao-de-conformidade-24-de-setembro-de-2021\/\">&hellip;<\/a><\/p>","protected":false},"author":5,"featured_media":0,"comment_status":"closed","ping_status":"closed","sticky":false,"template":"","format":"standard","meta":{"footnotes":""},"categories":[53],"tags":[],"class_list":["post-1515","post","type-post","status-publish","format-standard","hentry","category-eqavet","odd"],"yoast_head":"<!-- This site is optimized with the Yoast SEO plugin v23.7 - https:\/\/yoast.com\/wordpress\/plugins\/seo\/ -->\n<title>Selo de Qualidade EQAVET Visita de Verifica\u00e7\u00e3o de Conformidade (24 de setembro de 2021) - Agrupamento de Escolas de Vale D&#039;Este<\/title>\n<meta name=\"robots\" content=\"index, follow, max-snippet:-1, max-image-preview:large, max-video-preview:-1\" \/>\n<link rel=\"canonical\" href=\"https:\/\/aevaledeste.pt\/site\/en\/selo-de-qualidade-eqavet-visita-de-verificacao-de-conformidade-24-de-setembro-de-2021\/\" \/>\n<meta property=\"og:locale\" content=\"en_US\" \/>\n<meta property=\"og:type\" content=\"article\" \/>\n<meta property=\"og:title\" content=\"Selo de Qualidade EQAVET Visita de Verifica\u00e7\u00e3o de Conformidade (24 de setembro de 2021) - Agrupamento de Escolas de Vale D&#039;Este\" \/>\n<meta property=\"og:description\" content=\"O processo EQAVET mant\u00e9m-se em marcha no nosso Agrupamento. Depois da atribui\u00e7\u00e3o do Selo de Qualidade consignado a um ano, ocorrida em setembro de 2020, e ap\u00f3s aturado trabalho por parte do Agrupamento (e, em especial, da equipa EQAVET, docentes, alunos, encarregados de educa\u00e7\u00e3o e&nbsp;&hellip;\" \/>\n<meta property=\"og:url\" content=\"https:\/\/aevaledeste.pt\/site\/en\/selo-de-qualidade-eqavet-visita-de-verificacao-de-conformidade-24-de-setembro-de-2021\/\" \/>\n<meta property=\"og:site_name\" content=\"Agrupamento de Escolas de Vale D&#039;Este\" \/>\n<meta property=\"article:published_time\" content=\"2022-11-30T16:25:19+00:00\" \/>\n<meta property=\"article:modified_time\" content=\"2022-11-30T16:33:09+00:00\" \/>\n<meta name=\"author\" content=\"Agrupamento de Escolas De Vale D&#039;Este\" \/>\n<meta name=\"twitter:card\" content=\"summary_large_image\" \/>\n<meta name=\"twitter:label1\" content=\"Written by\" \/>\n\t<meta name=\"twitter:data1\" content=\"Agrupamento de Escolas De Vale D&#039;Este\" \/>\n\t<meta name=\"twitter:label2\" content=\"Est. reading time\" \/>\n\t<meta name=\"twitter:data2\" content=\"5 minutes\" \/>\n<script type=\"application\/ld+json\" class=\"yoast-schema-graph\">{\"@context\":\"https:\/\/schema.org\",\"@graph\":[{\"@type\":\"Article\",\"@id\":\"https:\/\/aevaledeste.pt\/site\/selo-de-qualidade-eqavet-visita-de-verificacao-de-conformidade-24-de-setembro-de-2021\/#article\",\"isPartOf\":{\"@id\":\"https:\/\/aevaledeste.pt\/site\/selo-de-qualidade-eqavet-visita-de-verificacao-de-conformidade-24-de-setembro-de-2021\/\"},\"author\":{\"name\":\"Agrupamento de Escolas De Vale D'Este\",\"@id\":\"https:\/\/aevaledeste.pt\/site\/#\/schema\/person\/7aedd04578439e4ebc023ee04390ddd5\"},\"headline\":\"Selo de Qualidade EQAVET Visita de Verifica\u00e7\u00e3o de Conformidade (24 de setembro de 2021)\",\"datePublished\":\"2022-11-30T16:25:19+00:00\",\"dateModified\":\"2022-11-30T16:33:09+00:00\",\"mainEntityOfPage\":{\"@id\":\"https:\/\/aevaledeste.pt\/site\/selo-de-qualidade-eqavet-visita-de-verificacao-de-conformidade-24-de-setembro-de-2021\/\"},\"wordCount\":928,\"publisher\":{\"@id\":\"https:\/\/aevaledeste.pt\/site\/#organization\"},\"articleSection\":[\"EQAVET\"],\"inLanguage\":\"en-US\"},{\"@type\":\"WebPage\",\"@id\":\"https:\/\/aevaledeste.pt\/site\/selo-de-qualidade-eqavet-visita-de-verificacao-de-conformidade-24-de-setembro-de-2021\/\",\"url\":\"https:\/\/aevaledeste.pt\/site\/selo-de-qualidade-eqavet-visita-de-verificacao-de-conformidade-24-de-setembro-de-2021\/\",\"name\":\"Selo de Qualidade EQAVET Visita de Verifica\u00e7\u00e3o de Conformidade (24 de setembro de 2021) - Agrupamento de Escolas de Vale D&#039;Este\",\"isPartOf\":{\"@id\":\"https:\/\/aevaledeste.pt\/site\/#website\"},\"datePublished\":\"2022-11-30T16:25:19+00:00\",\"dateModified\":\"2022-11-30T16:33:09+00:00\",\"breadcrumb\":{\"@id\":\"https:\/\/aevaledeste.pt\/site\/selo-de-qualidade-eqavet-visita-de-verificacao-de-conformidade-24-de-setembro-de-2021\/#breadcrumb\"},\"inLanguage\":\"en-US\",\"potentialAction\":[{\"@type\":\"ReadAction\",\"target\":[\"https:\/\/aevaledeste.pt\/site\/selo-de-qualidade-eqavet-visita-de-verificacao-de-conformidade-24-de-setembro-de-2021\/\"]}]},{\"@type\":\"BreadcrumbList\",\"@id\":\"https:\/\/aevaledeste.pt\/site\/selo-de-qualidade-eqavet-visita-de-verificacao-de-conformidade-24-de-setembro-de-2021\/#breadcrumb\",\"itemListElement\":[{\"@type\":\"ListItem\",\"position\":1,\"name\":\"In\u00edcio\",\"item\":\"https:\/\/aevaledeste.pt\/site\/\"},{\"@type\":\"ListItem\",\"position\":2,\"name\":\"Selo de Qualidade EQAVET Visita de Verifica\u00e7\u00e3o de Conformidade (24 de setembro de 2021)\"}]},{\"@type\":\"WebSite\",\"@id\":\"https:\/\/aevaledeste.pt\/site\/#website\",\"url\":\"https:\/\/aevaledeste.pt\/site\/\",\"name\":\"Agrupamento de Escolas de Vale D&#039;Este\",\"description\":\"Faz a tua escolha!\",\"publisher\":{\"@id\":\"https:\/\/aevaledeste.pt\/site\/#organization\"},\"potentialAction\":[{\"@type\":\"SearchAction\",\"target\":{\"@type\":\"EntryPoint\",\"urlTemplate\":\"https:\/\/aevaledeste.pt\/site\/?s={search_term_string}\"},\"query-input\":{\"@type\":\"PropertyValueSpecification\",\"valueRequired\":true,\"valueName\":\"search_term_string\"}}],\"inLanguage\":\"en-US\"},{\"@type\":\"Organization\",\"@id\":\"https:\/\/aevaledeste.pt\/site\/#organization\",\"name\":\"Agrupamento de Escolas de Vale D&#039;Este\",\"url\":\"https:\/\/aevaledeste.pt\/site\/\",\"logo\":{\"@type\":\"ImageObject\",\"inLanguage\":\"en-US\",\"@id\":\"https:\/\/aevaledeste.pt\/site\/#\/schema\/logo\/image\/\",\"url\":\"https:\/\/aevaledeste.pt\/site\/wp-content\/uploads\/2022\/09\/1-e1664446422139.png\",\"contentUrl\":\"https:\/\/aevaledeste.pt\/site\/wp-content\/uploads\/2022\/09\/1-e1664446422139.png\",\"width\":600,\"height\":78,\"caption\":\"Agrupamento de Escolas de Vale D&#039;Este\"},\"image\":{\"@id\":\"https:\/\/aevaledeste.pt\/site\/#\/schema\/logo\/image\/\"}},{\"@type\":\"Person\",\"@id\":\"https:\/\/aevaledeste.pt\/site\/#\/schema\/person\/7aedd04578439e4ebc023ee04390ddd5\",\"name\":\"Agrupamento de Escolas De Vale D'Este\",\"image\":{\"@type\":\"ImageObject\",\"inLanguage\":\"en-US\",\"@id\":\"https:\/\/aevaledeste.pt\/site\/#\/schema\/person\/image\/\",\"url\":\"https:\/\/secure.gravatar.com\/avatar\/17cc01e9d7154b6e3eb494fe0786922a12c603458f3d4d50e11698f8b9953d74?s=96&d=mm&r=g\",\"contentUrl\":\"https:\/\/secure.gravatar.com\/avatar\/17cc01e9d7154b6e3eb494fe0786922a12c603458f3d4d50e11698f8b9953d74?s=96&d=mm&r=g\",\"caption\":\"Agrupamento de Escolas De Vale D'Este\"},\"url\":\"https:\/\/aevaledeste.pt\/site\/en\/author\/aeve\/\"}]}<\/script>\n<!-- \/ Yoast SEO plugin. -->","yoast_head_json":{"title":"Selo de Qualidade EQAVET Visita de Verifica\u00e7\u00e3o de Conformidade (24 de setembro de 2021) - Agrupamento de Escolas de Vale D&#039;Este","robots":{"index":"index","follow":"follow","max-snippet":"max-snippet:-1","max-image-preview":"max-image-preview:large","max-video-preview":"max-video-preview:-1"},"canonical":"https:\/\/aevaledeste.pt\/site\/en\/selo-de-qualidade-eqavet-visita-de-verificacao-de-conformidade-24-de-setembro-de-2021\/","og_locale":"en_US","og_type":"article","og_title":"Selo de Qualidade EQAVET Visita de Verifica\u00e7\u00e3o de Conformidade (24 de setembro de 2021) - Agrupamento de Escolas de Vale D&#039;Este","og_description":"O processo EQAVET mant\u00e9m-se em marcha no nosso Agrupamento. Depois da atribui\u00e7\u00e3o do Selo de Qualidade consignado a um ano, ocorrida em setembro de 2020, e ap\u00f3s aturado trabalho por parte do Agrupamento (e, em especial, da equipa EQAVET, docentes, alunos, encarregados de educa\u00e7\u00e3o e&nbsp;&hellip;","og_url":"https:\/\/aevaledeste.pt\/site\/en\/selo-de-qualidade-eqavet-visita-de-verificacao-de-conformidade-24-de-setembro-de-2021\/","og_site_name":"Agrupamento de Escolas de Vale D&#039;Este","article_published_time":"2022-11-30T16:25:19+00:00","article_modified_time":"2022-11-30T16:33:09+00:00","author":"Agrupamento de Escolas De Vale D'Este","twitter_card":"summary_large_image","twitter_misc":{"Written by":"Agrupamento de Escolas De Vale D'Este","Est. reading time":"5 minutes"},"schema":{"@context":"https:\/\/schema.org","@graph":[{"@type":"Article","@id":"https:\/\/aevaledeste.pt\/site\/selo-de-qualidade-eqavet-visita-de-verificacao-de-conformidade-24-de-setembro-de-2021\/#article","isPartOf":{"@id":"https:\/\/aevaledeste.pt\/site\/selo-de-qualidade-eqavet-visita-de-verificacao-de-conformidade-24-de-setembro-de-2021\/"},"author":{"name":"Agrupamento de Escolas De Vale D'Este","@id":"https:\/\/aevaledeste.pt\/site\/#\/schema\/person\/7aedd04578439e4ebc023ee04390ddd5"},"headline":"Selo de Qualidade EQAVET Visita de Verifica\u00e7\u00e3o de Conformidade (24 de setembro de 2021)","datePublished":"2022-11-30T16:25:19+00:00","dateModified":"2022-11-30T16:33:09+00:00","mainEntityOfPage":{"@id":"https:\/\/aevaledeste.pt\/site\/selo-de-qualidade-eqavet-visita-de-verificacao-de-conformidade-24-de-setembro-de-2021\/"},"wordCount":928,"publisher":{"@id":"https:\/\/aevaledeste.pt\/site\/#organization"},"articleSection":["EQAVET"],"inLanguage":"en-US"},{"@type":"WebPage","@id":"https:\/\/aevaledeste.pt\/site\/selo-de-qualidade-eqavet-visita-de-verificacao-de-conformidade-24-de-setembro-de-2021\/","url":"https:\/\/aevaledeste.pt\/site\/selo-de-qualidade-eqavet-visita-de-verificacao-de-conformidade-24-de-setembro-de-2021\/","name":"Selo de Qualidade EQAVET Visita de Verifica\u00e7\u00e3o de Conformidade (24 de setembro de 2021) - Agrupamento de Escolas de Vale D&#039;Este","isPartOf":{"@id":"https:\/\/aevaledeste.pt\/site\/#website"},"datePublished":"2022-11-30T16:25:19+00:00","dateModified":"2022-11-30T16:33:09+00:00","breadcrumb":{"@id":"https:\/\/aevaledeste.pt\/site\/selo-de-qualidade-eqavet-visita-de-verificacao-de-conformidade-24-de-setembro-de-2021\/#breadcrumb"},"inLanguage":"en-US","potentialAction":[{"@type":"ReadAction","target":["https:\/\/aevaledeste.pt\/site\/selo-de-qualidade-eqavet-visita-de-verificacao-de-conformidade-24-de-setembro-de-2021\/"]}]},{"@type":"BreadcrumbList","@id":"https:\/\/aevaledeste.pt\/site\/selo-de-qualidade-eqavet-visita-de-verificacao-de-conformidade-24-de-setembro-de-2021\/#breadcrumb","itemListElement":[{"@type":"ListItem","position":1,"name":"In\u00edcio","item":"https:\/\/aevaledeste.pt\/site\/"},{"@type":"ListItem","position":2,"name":"Selo de Qualidade EQAVET Visita de Verifica\u00e7\u00e3o de Conformidade (24 de setembro de 2021)"}]},{"@type":"WebSite","@id":"https:\/\/aevaledeste.pt\/site\/#website","url":"https:\/\/aevaledeste.pt\/site\/","name":"Agrupamento de Escolas de Vale D&#039;Este","description":"Faz a tua escolha!","publisher":{"@id":"https:\/\/aevaledeste.pt\/site\/#organization"},"potentialAction":[{"@type":"SearchAction","target":{"@type":"EntryPoint","urlTemplate":"https:\/\/aevaledeste.pt\/site\/?s={search_term_string}"},"query-input":{"@type":"PropertyValueSpecification","valueRequired":true,"valueName":"search_term_string"}}],"inLanguage":"en-US"},{"@type":"Organization","@id":"https:\/\/aevaledeste.pt\/site\/#organization","name":"Agrupamento de Escolas de Vale D&#039;Este","url":"https:\/\/aevaledeste.pt\/site\/","logo":{"@type":"ImageObject","inLanguage":"en-US","@id":"https:\/\/aevaledeste.pt\/site\/#\/schema\/logo\/image\/","url":"https:\/\/aevaledeste.pt\/site\/wp-content\/uploads\/2022\/09\/1-e1664446422139.png","contentUrl":"https:\/\/aevaledeste.pt\/site\/wp-content\/uploads\/2022\/09\/1-e1664446422139.png","width":600,"height":78,"caption":"Agrupamento de Escolas de Vale D&#039;Este"},"image":{"@id":"https:\/\/aevaledeste.pt\/site\/#\/schema\/logo\/image\/"}},{"@type":"Person","@id":"https:\/\/aevaledeste.pt\/site\/#\/schema\/person\/7aedd04578439e4ebc023ee04390ddd5","name":"Agrupamento de Escolas De Vale D'Este","image":{"@type":"ImageObject","inLanguage":"en-US","@id":"https:\/\/aevaledeste.pt\/site\/#\/schema\/person\/image\/","url":"https:\/\/secure.gravatar.com\/avatar\/17cc01e9d7154b6e3eb494fe0786922a12c603458f3d4d50e11698f8b9953d74?s=96&d=mm&r=g","contentUrl":"https:\/\/secure.gravatar.com\/avatar\/17cc01e9d7154b6e3eb494fe0786922a12c603458f3d4d50e11698f8b9953d74?s=96&d=mm&r=g","caption":"Agrupamento de Escolas De Vale D'Este"},"url":"https:\/\/aevaledeste.pt\/site\/en\/author\/aeve\/"}]}},"_links":{"self":[{"href":"https:\/\/aevaledeste.pt\/site\/en\/wp-json\/wp\/v2\/posts\/1515","targetHints":{"allow":["GET"]}}],"collection":[{"href":"https:\/\/aevaledeste.pt\/site\/en\/wp-json\/wp\/v2\/posts"}],"about":[{"href":"https:\/\/aevaledeste.pt\/site\/en\/wp-json\/wp\/v2\/types\/post"}],"author":[{"embeddable":true,"href":"https:\/\/aevaledeste.pt\/site\/en\/wp-json\/wp\/v2\/users\/5"}],"replies":[{"embeddable":true,"href":"https:\/\/aevaledeste.pt\/site\/en\/wp-json\/wp\/v2\/comments?post=1515"}],"version-history":[{"count":7,"href":"https:\/\/aevaledeste.pt\/site\/en\/wp-json\/wp\/v2\/posts\/1515\/revisions"}],"predecessor-version":[{"id":1522,"href":"https:\/\/aevaledeste.pt\/site\/en\/wp-json\/wp\/v2\/posts\/1515\/revisions\/1522"}],"wp:attachment":[{"href":"https:\/\/aevaledeste.pt\/site\/en\/wp-json\/wp\/v2\/media?parent=1515"}],"wp:term":[{"taxonomy":"category","embeddable":true,"href":"https:\/\/aevaledeste.pt\/site\/en\/wp-json\/wp\/v2\/categories?post=1515"},{"taxonomy":"post_tag","embeddable":true,"href":"https:\/\/aevaledeste.pt\/site\/en\/wp-json\/wp\/v2\/tags?post=1515"}],"curies":[{"name":"wp","href":"https:\/\/api.w.org\/{rel}","templated":true}]}}