{"id":10772,"date":"2026-04-27T10:33:50","date_gmt":"2026-04-27T10:33:50","guid":{"rendered":"https:\/\/aevaledeste.pt\/site\/?p=10772"},"modified":"2026-04-27T10:36:12","modified_gmt":"2026-04-27T10:36:12","slug":"simulacro-de-incendio-na-eb-de-viatodos-2","status":"publish","type":"post","link":"https:\/\/aevaledeste.pt\/site\/en\/simulacro-de-incendio-na-eb-de-viatodos-2\/","title":{"rendered":"Simulacro de inc\u00eandio na EB de Viatodos"},"content":{"rendered":"<div data-elementor-type=\"wp-post\" data-elementor-id=\"10772\" class=\"elementor elementor-10772\">\n\t\t\t\t\t\t<section class=\"elementor-section elementor-top-section elementor-element elementor-element-307df0a elementor-section-boxed elementor-section-height-default elementor-section-height-default\" data-id=\"307df0a\" data-element_type=\"section\">\n\t\t\t\t\t\t<div class=\"elementor-container elementor-column-gap-default\">\n\t\t\t\t\t<div class=\"elementor-column elementor-col-100 elementor-top-column elementor-element elementor-element-226b434\" data-id=\"226b434\" data-element_type=\"column\">\n\t\t\t<div class=\"elementor-widget-wrap elementor-element-populated\">\n\t\t\t\t\t\t<div class=\"elementor-element elementor-element-0d70481 elementor-widget elementor-widget-text-editor\" data-id=\"0d70481\" data-element_type=\"widget\" data-widget_type=\"text-editor.default\">\n\t\t\t\t<div class=\"elementor-widget-container\">\n\t\t\t\t\t\t\t<div dir=\"auto\">Estabelecimento de Ensino: EB de Viatodos<\/div><div dir=\"auto\">\u00a0<\/div><div dir=\"auto\">Turmas:todas<\/div><div dir=\"auto\">\u00a0<\/div><div dir=\"auto\">Atividade: Simulacro de inc\u00eandio na EB de Viatodos<\/div><div dir=\"auto\">\u00a0<\/div><div>Data: 22\/04\/2026<\/div><div>\u00a0<\/div><div>Na passada quinta-feira, dia 22 de abril, decorreu o simulacro de inc\u00eandio na nossa escola.<\/div><div>O fogo deflagrou por volta das 10h45m na sala 5, havendo urg\u00eancia em evacuar o edif\u00edcio e chamar os bombeiros para o extinguir e socorrer poss\u00edveis v\u00edtimas.<br \/>Imediatamente a assistente operacional acionou o toque indicador de perigo e contactou<br \/>os Bombeiros Volunt\u00e1rios de Viatodos.<br \/>Procedeu-se ent\u00e3o \u00e0 evacua\u00e7\u00e3o de todos os espa\u00e7os da escola, conforme o previsto no<br \/>plano seguran\u00e7a\/ emerg\u00eancia. Os\u00a0restantes espa\u00e7os da escola estavam desocupados na altura da ocorr\u00eancia.<\/div><div>Apesar de ser apenas um simulacro, \u00e9 uma forma de preven\u00e7\u00e3o e educa\u00e7\u00e3o c\u00edvica,<\/div><div>tendo os alunos percebido qual o percurso a efetuar em caso de inc\u00eandio real e qual o<br \/>ponto de encontro.<\/div><div>\u00a0<\/div><div>\u00a0<\/div>\t\t\t\t\t\t<\/div>\n\t\t\t\t<\/div>\n\t\t\t\t<div class=\"elementor-element elementor-element-38aa43f elementor-arrows-position-inside elementor-pagination-position-outside elementor-widget elementor-widget-image-carousel\" data-id=\"38aa43f\" data-element_type=\"widget\" data-settings=\"{&quot;navigation&quot;:&quot;both&quot;,&quot;autoplay&quot;:&quot;yes&quot;,&quot;pause_on_hover&quot;:&quot;yes&quot;,&quot;pause_on_interaction&quot;:&quot;yes&quot;,&quot;autoplay_speed&quot;:5000,&quot;infinite&quot;:&quot;yes&quot;,&quot;speed&quot;:500}\" data-widget_type=\"image-carousel.default\">\n\t\t\t\t<div class=\"elementor-widget-container\">\n\t\t\t\t\t<div class=\"elementor-image-carousel-wrapper swiper\" dir=\"ltr\">\n\t\t\t<div class=\"elementor-image-carousel swiper-wrapper\" aria-live=\"off\">\n\t\t\t\t\t\t\t\t<div class=\"swiper-slide\" role=\"group\" aria-roledescription=\"slide\" aria-label=\"1 of 9\"><figure class=\"swiper-slide-inner\"><img decoding=\"async\" class=\"swiper-slide-image\" src=\"https:\/\/aevaledeste.pt\/site\/wp-content\/uploads\/2026\/04\/WhatsApp-Image-2026-04-22-at-21.30.04-300x225.jpeg\" alt=\"WhatsApp Image 2026-04-22 at 21.30.04\" \/><\/figure><\/div><div class=\"swiper-slide\" role=\"group\" aria-roledescription=\"slide\" aria-label=\"2 of 9\"><figure class=\"swiper-slide-inner\"><img decoding=\"async\" class=\"swiper-slide-image\" src=\"https:\/\/aevaledeste.pt\/site\/wp-content\/uploads\/2026\/04\/WhatsApp-Image-2026-04-22-at-21.30.04-1-300x225.jpeg\" alt=\"WhatsApp Image 2026-04-22 at 21.30.04 (1)\" \/><\/figure><\/div><div class=\"swiper-slide\" role=\"group\" aria-roledescription=\"slide\" aria-label=\"3 of 9\"><figure class=\"swiper-slide-inner\"><img decoding=\"async\" class=\"swiper-slide-image\" src=\"https:\/\/aevaledeste.pt\/site\/wp-content\/uploads\/2026\/04\/WhatsApp-Image-2026-04-22-at-21.29.24-300x225.jpeg\" alt=\"WhatsApp Image 2026-04-22 at 21.29.24\" \/><\/figure><\/div><div class=\"swiper-slide\" role=\"group\" aria-roledescription=\"slide\" aria-label=\"4 of 9\"><figure class=\"swiper-slide-inner\"><img decoding=\"async\" class=\"swiper-slide-image\" src=\"https:\/\/aevaledeste.pt\/site\/wp-content\/uploads\/2026\/04\/WhatsApp-Image-2026-04-24-at-09.24.01-169x300.jpeg\" alt=\"WhatsApp Image 2026-04-24 at 09.24.01\" \/><\/figure><\/div><div class=\"swiper-slide\" role=\"group\" aria-roledescription=\"slide\" aria-label=\"5 of 9\"><figure class=\"swiper-slide-inner\"><img decoding=\"async\" class=\"swiper-slide-image\" src=\"https:\/\/aevaledeste.pt\/site\/wp-content\/uploads\/2026\/04\/WhatsApp-Image-2026-04-24-at-09.24.36-169x300.jpeg\" alt=\"WhatsApp Image 2026-04-24 at 09.24.36\" \/><\/figure><\/div><div class=\"swiper-slide\" role=\"group\" aria-roledescription=\"slide\" aria-label=\"6 of 9\"><figure class=\"swiper-slide-inner\"><img decoding=\"async\" class=\"swiper-slide-image\" src=\"https:\/\/aevaledeste.pt\/site\/wp-content\/uploads\/2026\/04\/WhatsApp-Image-2026-04-24-at-09.26.05-169x300.jpeg\" alt=\"WhatsApp Image 2026-04-24 at 09.26.05\" \/><\/figure><\/div><div class=\"swiper-slide\" role=\"group\" aria-roledescription=\"slide\" aria-label=\"7 of 9\"><figure class=\"swiper-slide-inner\"><img decoding=\"async\" class=\"swiper-slide-image\" src=\"https:\/\/aevaledeste.pt\/site\/wp-content\/uploads\/2026\/04\/WhatsApp-Image-2026-04-24-at-09.26.08-169x300.jpeg\" alt=\"WhatsApp Image 2026-04-24 at 09.26.08\" \/><\/figure><\/div><div class=\"swiper-slide\" role=\"group\" aria-roledescription=\"slide\" aria-label=\"8 of 9\"><figure class=\"swiper-slide-inner\"><img decoding=\"async\" class=\"swiper-slide-image\" src=\"https:\/\/aevaledeste.pt\/site\/wp-content\/uploads\/2026\/04\/WhatsApp-Image-2026-04-24-at-09.26.16-300x169.jpeg\" alt=\"WhatsApp Image 2026-04-24 at 09.26.16\" \/><\/figure><\/div><div class=\"swiper-slide\" role=\"group\" aria-roledescription=\"slide\" aria-label=\"9 of 9\"><figure class=\"swiper-slide-inner\"><img decoding=\"async\" class=\"swiper-slide-image\" src=\"https:\/\/aevaledeste.pt\/site\/wp-content\/uploads\/2026\/04\/WhatsApp-Image-2026-04-24-at-09.24.35-169x300.jpeg\" alt=\"WhatsApp Image 2026-04-24 at 09.24.35\" \/><\/figure><\/div>\t\t\t<\/div>\n\t\t\t\t\t\t\t\t\t\t\t\t<div class=\"elementor-swiper-button elementor-swiper-button-prev\" role=\"button\" tabindex=\"0\">\n\t\t\t\t\t\t<i aria-hidden=\"true\" class=\"eicon-chevron-left\"><\/i>\t\t\t\t\t<\/div>\n\t\t\t\t\t<div class=\"elementor-swiper-button elementor-swiper-button-next\" role=\"button\" tabindex=\"0\">\n\t\t\t\t\t\t<i aria-hidden=\"true\" class=\"eicon-chevron-right\"><\/i>\t\t\t\t\t<\/div>\n\t\t\t\t\n\t\t\t\t\t\t\t\t\t<div class=\"swiper-pagination\"><\/div>\n\t\t\t\t\t\t\t\t\t<\/div>\n\t\t\t\t<\/div>\n\t\t\t\t<\/div>\n\t\t\t\t\t<\/div>\n\t\t<\/div>\n\t\t\t\t\t<\/div>\n\t\t<\/section>\n\t\t\t\t<\/div>","protected":false},"excerpt":{"rendered":"<p>Estabelecimento de Ensino: EB de Viatodos\u00a0Turmas:todas\u00a0Atividade: Simulacro de inc\u00eandio na EB de Viatodos\u00a0Data: 22\/04\/2026\u00a0Na passada quinta-feira, dia 22 de abril, decorreu o simulacro de inc\u00eandio na nossa escola.O fogo deflagrou por volta das 10h45m na sala 5, havendo urg\u00eancia em evacuar o edif\u00edcio e chamar&nbsp;<a href=\"https:\/\/aevaledeste.pt\/site\/en\/simulacro-de-incendio-na-eb-de-viatodos-2\/\">&hellip;<\/a><\/p>","protected":false},"author":5,"featured_media":10773,"comment_status":"closed","ping_status":"closed","sticky":false,"template":"","format":"standard","meta":{"footnotes":""},"categories":[1],"tags":[],"class_list":["post-10772","post","type-post","status-publish","format-standard","has-post-thumbnail","hentry","category-noticias","odd"],"yoast_head":"<!-- This site is optimized with the Yoast SEO plugin v23.7 - https:\/\/yoast.com\/wordpress\/plugins\/seo\/ -->\n<title>Simulacro de inc\u00eandio na EB de Viatodos - Agrupamento de Escolas de Vale D&#039;Este<\/title>\n<meta name=\"robots\" content=\"index, follow, max-snippet:-1, max-image-preview:large, max-video-preview:-1\" \/>\n<link rel=\"canonical\" href=\"https:\/\/aevaledeste.pt\/site\/en\/simulacro-de-incendio-na-eb-de-viatodos-2\/\" \/>\n<meta property=\"og:locale\" content=\"en_US\" \/>\n<meta property=\"og:type\" content=\"article\" \/>\n<meta property=\"og:title\" content=\"Simulacro de inc\u00eandio na EB de Viatodos - Agrupamento de Escolas de Vale D&#039;Este\" \/>\n<meta property=\"og:description\" content=\"Estabelecimento de Ensino: EB de Viatodos\u00a0Turmas:todas\u00a0Atividade: Simulacro de inc\u00eandio na EB de Viatodos\u00a0Data: 22\/04\/2026\u00a0Na passada quinta-feira, dia 22 de abril, decorreu o simulacro de inc\u00eandio na nossa escola.O fogo deflagrou por volta das 10h45m na sala 5, havendo urg\u00eancia em evacuar o edif\u00edcio e chamar&nbsp;&hellip;\" \/>\n<meta property=\"og:url\" content=\"https:\/\/aevaledeste.pt\/site\/en\/simulacro-de-incendio-na-eb-de-viatodos-2\/\" \/>\n<meta property=\"og:site_name\" content=\"Agrupamento de Escolas de Vale D&#039;Este\" \/>\n<meta property=\"article:published_time\" content=\"2026-04-27T10:33:50+00:00\" \/>\n<meta property=\"article:modified_time\" content=\"2026-04-27T10:36:12+00:00\" \/>\n<meta property=\"og:image\" content=\"https:\/\/aevaledeste.pt\/site\/wp-content\/uploads\/2026\/04\/bomb.png\" \/>\n\t<meta property=\"og:image:width\" content=\"600\" \/>\n\t<meta property=\"og:image:height\" content=\"350\" \/>\n\t<meta property=\"og:image:type\" content=\"image\/png\" \/>\n<meta name=\"author\" content=\"Agrupamento de Escolas De Vale D&#039;Este\" \/>\n<meta name=\"twitter:card\" content=\"summary_large_image\" \/>\n<meta name=\"twitter:label1\" content=\"Written by\" \/>\n\t<meta name=\"twitter:data1\" content=\"Agrupamento de Escolas De Vale D&#039;Este\" \/>\n\t<meta name=\"twitter:label2\" content=\"Est. reading time\" \/>\n\t<meta name=\"twitter:data2\" content=\"4 minutes\" \/>\n<script type=\"application\/ld+json\" class=\"yoast-schema-graph\">{\"@context\":\"https:\/\/schema.org\",\"@graph\":[{\"@type\":\"Article\",\"@id\":\"https:\/\/aevaledeste.pt\/site\/simulacro-de-incendio-na-eb-de-viatodos-2\/#article\",\"isPartOf\":{\"@id\":\"https:\/\/aevaledeste.pt\/site\/simulacro-de-incendio-na-eb-de-viatodos-2\/\"},\"author\":{\"name\":\"Agrupamento de Escolas De Vale D'Este\",\"@id\":\"https:\/\/aevaledeste.pt\/site\/#\/schema\/person\/7aedd04578439e4ebc023ee04390ddd5\"},\"headline\":\"Simulacro de inc\u00eandio na EB de Viatodos\",\"datePublished\":\"2026-04-27T10:33:50+00:00\",\"dateModified\":\"2026-04-27T10:36:12+00:00\",\"mainEntityOfPage\":{\"@id\":\"https:\/\/aevaledeste.pt\/site\/simulacro-de-incendio-na-eb-de-viatodos-2\/\"},\"wordCount\":158,\"publisher\":{\"@id\":\"https:\/\/aevaledeste.pt\/site\/#organization\"},\"image\":{\"@id\":\"https:\/\/aevaledeste.pt\/site\/simulacro-de-incendio-na-eb-de-viatodos-2\/#primaryimage\"},\"thumbnailUrl\":\"https:\/\/aevaledeste.pt\/site\/wp-content\/uploads\/2026\/04\/bomb.png\",\"articleSection\":[\"Noticias\"],\"inLanguage\":\"en-US\"},{\"@type\":\"WebPage\",\"@id\":\"https:\/\/aevaledeste.pt\/site\/simulacro-de-incendio-na-eb-de-viatodos-2\/\",\"url\":\"https:\/\/aevaledeste.pt\/site\/simulacro-de-incendio-na-eb-de-viatodos-2\/\",\"name\":\"Simulacro de inc\u00eandio na EB de Viatodos - Agrupamento de Escolas de Vale D&#039;Este\",\"isPartOf\":{\"@id\":\"https:\/\/aevaledeste.pt\/site\/#website\"},\"primaryImageOfPage\":{\"@id\":\"https:\/\/aevaledeste.pt\/site\/simulacro-de-incendio-na-eb-de-viatodos-2\/#primaryimage\"},\"image\":{\"@id\":\"https:\/\/aevaledeste.pt\/site\/simulacro-de-incendio-na-eb-de-viatodos-2\/#primaryimage\"},\"thumbnailUrl\":\"https:\/\/aevaledeste.pt\/site\/wp-content\/uploads\/2026\/04\/bomb.png\",\"datePublished\":\"2026-04-27T10:33:50+00:00\",\"dateModified\":\"2026-04-27T10:36:12+00:00\",\"breadcrumb\":{\"@id\":\"https:\/\/aevaledeste.pt\/site\/simulacro-de-incendio-na-eb-de-viatodos-2\/#breadcrumb\"},\"inLanguage\":\"en-US\",\"potentialAction\":[{\"@type\":\"ReadAction\",\"target\":[\"https:\/\/aevaledeste.pt\/site\/simulacro-de-incendio-na-eb-de-viatodos-2\/\"]}]},{\"@type\":\"ImageObject\",\"inLanguage\":\"en-US\",\"@id\":\"https:\/\/aevaledeste.pt\/site\/simulacro-de-incendio-na-eb-de-viatodos-2\/#primaryimage\",\"url\":\"https:\/\/aevaledeste.pt\/site\/wp-content\/uploads\/2026\/04\/bomb.png\",\"contentUrl\":\"https:\/\/aevaledeste.pt\/site\/wp-content\/uploads\/2026\/04\/bomb.png\",\"width\":600,\"height\":350},{\"@type\":\"BreadcrumbList\",\"@id\":\"https:\/\/aevaledeste.pt\/site\/simulacro-de-incendio-na-eb-de-viatodos-2\/#breadcrumb\",\"itemListElement\":[{\"@type\":\"ListItem\",\"position\":1,\"name\":\"In\u00edcio\",\"item\":\"https:\/\/aevaledeste.pt\/site\/\"},{\"@type\":\"ListItem\",\"position\":2,\"name\":\"Simulacro de inc\u00eandio na EB de Viatodos\"}]},{\"@type\":\"WebSite\",\"@id\":\"https:\/\/aevaledeste.pt\/site\/#website\",\"url\":\"https:\/\/aevaledeste.pt\/site\/\",\"name\":\"Agrupamento de Escolas de Vale D&#039;Este\",\"description\":\"Faz a tua escolha!\",\"publisher\":{\"@id\":\"https:\/\/aevaledeste.pt\/site\/#organization\"},\"potentialAction\":[{\"@type\":\"SearchAction\",\"target\":{\"@type\":\"EntryPoint\",\"urlTemplate\":\"https:\/\/aevaledeste.pt\/site\/?s={search_term_string}\"},\"query-input\":{\"@type\":\"PropertyValueSpecification\",\"valueRequired\":true,\"valueName\":\"search_term_string\"}}],\"inLanguage\":\"en-US\"},{\"@type\":\"Organization\",\"@id\":\"https:\/\/aevaledeste.pt\/site\/#organization\",\"name\":\"Agrupamento de Escolas de Vale D&#039;Este\",\"url\":\"https:\/\/aevaledeste.pt\/site\/\",\"logo\":{\"@type\":\"ImageObject\",\"inLanguage\":\"en-US\",\"@id\":\"https:\/\/aevaledeste.pt\/site\/#\/schema\/logo\/image\/\",\"url\":\"https:\/\/aevaledeste.pt\/site\/wp-content\/uploads\/2022\/09\/1-e1664446422139.png\",\"contentUrl\":\"https:\/\/aevaledeste.pt\/site\/wp-content\/uploads\/2022\/09\/1-e1664446422139.png\",\"width\":600,\"height\":78,\"caption\":\"Agrupamento de Escolas de Vale D&#039;Este\"},\"image\":{\"@id\":\"https:\/\/aevaledeste.pt\/site\/#\/schema\/logo\/image\/\"}},{\"@type\":\"Person\",\"@id\":\"https:\/\/aevaledeste.pt\/site\/#\/schema\/person\/7aedd04578439e4ebc023ee04390ddd5\",\"name\":\"Agrupamento de Escolas De Vale D'Este\",\"image\":{\"@type\":\"ImageObject\",\"inLanguage\":\"en-US\",\"@id\":\"https:\/\/aevaledeste.pt\/site\/#\/schema\/person\/image\/\",\"url\":\"https:\/\/secure.gravatar.com\/avatar\/17cc01e9d7154b6e3eb494fe0786922a12c603458f3d4d50e11698f8b9953d74?s=96&d=mm&r=g\",\"contentUrl\":\"https:\/\/secure.gravatar.com\/avatar\/17cc01e9d7154b6e3eb494fe0786922a12c603458f3d4d50e11698f8b9953d74?s=96&d=mm&r=g\",\"caption\":\"Agrupamento de Escolas De Vale D'Este\"},\"url\":\"https:\/\/aevaledeste.pt\/site\/en\/author\/aeve\/\"}]}<\/script>\n<!-- \/ Yoast SEO plugin. -->","yoast_head_json":{"title":"Simulacro de inc\u00eandio na EB de Viatodos - Agrupamento de Escolas de Vale D&#039;Este","robots":{"index":"index","follow":"follow","max-snippet":"max-snippet:-1","max-image-preview":"max-image-preview:large","max-video-preview":"max-video-preview:-1"},"canonical":"https:\/\/aevaledeste.pt\/site\/en\/simulacro-de-incendio-na-eb-de-viatodos-2\/","og_locale":"en_US","og_type":"article","og_title":"Simulacro de inc\u00eandio na EB de Viatodos - Agrupamento de Escolas de Vale D&#039;Este","og_description":"Estabelecimento de Ensino: EB de Viatodos\u00a0Turmas:todas\u00a0Atividade: Simulacro de inc\u00eandio na EB de Viatodos\u00a0Data: 22\/04\/2026\u00a0Na passada quinta-feira, dia 22 de abril, decorreu o simulacro de inc\u00eandio na nossa escola.O fogo deflagrou por volta das 10h45m na sala 5, havendo urg\u00eancia em evacuar o edif\u00edcio e chamar&nbsp;&hellip;","og_url":"https:\/\/aevaledeste.pt\/site\/en\/simulacro-de-incendio-na-eb-de-viatodos-2\/","og_site_name":"Agrupamento de Escolas de Vale D&#039;Este","article_published_time":"2026-04-27T10:33:50+00:00","article_modified_time":"2026-04-27T10:36:12+00:00","og_image":[{"width":600,"height":350,"url":"https:\/\/aevaledeste.pt\/site\/wp-content\/uploads\/2026\/04\/bomb.png","type":"image\/png"}],"author":"Agrupamento de Escolas De Vale D'Este","twitter_card":"summary_large_image","twitter_misc":{"Written by":"Agrupamento de Escolas De Vale D'Este","Est. reading time":"4 minutes"},"schema":{"@context":"https:\/\/schema.org","@graph":[{"@type":"Article","@id":"https:\/\/aevaledeste.pt\/site\/simulacro-de-incendio-na-eb-de-viatodos-2\/#article","isPartOf":{"@id":"https:\/\/aevaledeste.pt\/site\/simulacro-de-incendio-na-eb-de-viatodos-2\/"},"author":{"name":"Agrupamento de Escolas De Vale D'Este","@id":"https:\/\/aevaledeste.pt\/site\/#\/schema\/person\/7aedd04578439e4ebc023ee04390ddd5"},"headline":"Simulacro de inc\u00eandio na EB de Viatodos","datePublished":"2026-04-27T10:33:50+00:00","dateModified":"2026-04-27T10:36:12+00:00","mainEntityOfPage":{"@id":"https:\/\/aevaledeste.pt\/site\/simulacro-de-incendio-na-eb-de-viatodos-2\/"},"wordCount":158,"publisher":{"@id":"https:\/\/aevaledeste.pt\/site\/#organization"},"image":{"@id":"https:\/\/aevaledeste.pt\/site\/simulacro-de-incendio-na-eb-de-viatodos-2\/#primaryimage"},"thumbnailUrl":"https:\/\/aevaledeste.pt\/site\/wp-content\/uploads\/2026\/04\/bomb.png","articleSection":["Noticias"],"inLanguage":"en-US"},{"@type":"WebPage","@id":"https:\/\/aevaledeste.pt\/site\/simulacro-de-incendio-na-eb-de-viatodos-2\/","url":"https:\/\/aevaledeste.pt\/site\/simulacro-de-incendio-na-eb-de-viatodos-2\/","name":"Simulacro de inc\u00eandio na EB de Viatodos - Agrupamento de Escolas de Vale D&#039;Este","isPartOf":{"@id":"https:\/\/aevaledeste.pt\/site\/#website"},"primaryImageOfPage":{"@id":"https:\/\/aevaledeste.pt\/site\/simulacro-de-incendio-na-eb-de-viatodos-2\/#primaryimage"},"image":{"@id":"https:\/\/aevaledeste.pt\/site\/simulacro-de-incendio-na-eb-de-viatodos-2\/#primaryimage"},"thumbnailUrl":"https:\/\/aevaledeste.pt\/site\/wp-content\/uploads\/2026\/04\/bomb.png","datePublished":"2026-04-27T10:33:50+00:00","dateModified":"2026-04-27T10:36:12+00:00","breadcrumb":{"@id":"https:\/\/aevaledeste.pt\/site\/simulacro-de-incendio-na-eb-de-viatodos-2\/#breadcrumb"},"inLanguage":"en-US","potentialAction":[{"@type":"ReadAction","target":["https:\/\/aevaledeste.pt\/site\/simulacro-de-incendio-na-eb-de-viatodos-2\/"]}]},{"@type":"ImageObject","inLanguage":"en-US","@id":"https:\/\/aevaledeste.pt\/site\/simulacro-de-incendio-na-eb-de-viatodos-2\/#primaryimage","url":"https:\/\/aevaledeste.pt\/site\/wp-content\/uploads\/2026\/04\/bomb.png","contentUrl":"https:\/\/aevaledeste.pt\/site\/wp-content\/uploads\/2026\/04\/bomb.png","width":600,"height":350},{"@type":"BreadcrumbList","@id":"https:\/\/aevaledeste.pt\/site\/simulacro-de-incendio-na-eb-de-viatodos-2\/#breadcrumb","itemListElement":[{"@type":"ListItem","position":1,"name":"In\u00edcio","item":"https:\/\/aevaledeste.pt\/site\/"},{"@type":"ListItem","position":2,"name":"Simulacro de inc\u00eandio na EB de Viatodos"}]},{"@type":"WebSite","@id":"https:\/\/aevaledeste.pt\/site\/#website","url":"https:\/\/aevaledeste.pt\/site\/","name":"Agrupamento de Escolas de Vale D&#039;Este","description":"Faz a tua escolha!","publisher":{"@id":"https:\/\/aevaledeste.pt\/site\/#organization"},"potentialAction":[{"@type":"SearchAction","target":{"@type":"EntryPoint","urlTemplate":"https:\/\/aevaledeste.pt\/site\/?s={search_term_string}"},"query-input":{"@type":"PropertyValueSpecification","valueRequired":true,"valueName":"search_term_string"}}],"inLanguage":"en-US"},{"@type":"Organization","@id":"https:\/\/aevaledeste.pt\/site\/#organization","name":"Agrupamento de Escolas de Vale D&#039;Este","url":"https:\/\/aevaledeste.pt\/site\/","logo":{"@type":"ImageObject","inLanguage":"en-US","@id":"https:\/\/aevaledeste.pt\/site\/#\/schema\/logo\/image\/","url":"https:\/\/aevaledeste.pt\/site\/wp-content\/uploads\/2022\/09\/1-e1664446422139.png","contentUrl":"https:\/\/aevaledeste.pt\/site\/wp-content\/uploads\/2022\/09\/1-e1664446422139.png","width":600,"height":78,"caption":"Agrupamento de Escolas de Vale D&#039;Este"},"image":{"@id":"https:\/\/aevaledeste.pt\/site\/#\/schema\/logo\/image\/"}},{"@type":"Person","@id":"https:\/\/aevaledeste.pt\/site\/#\/schema\/person\/7aedd04578439e4ebc023ee04390ddd5","name":"Agrupamento de Escolas De Vale D'Este","image":{"@type":"ImageObject","inLanguage":"en-US","@id":"https:\/\/aevaledeste.pt\/site\/#\/schema\/person\/image\/","url":"https:\/\/secure.gravatar.com\/avatar\/17cc01e9d7154b6e3eb494fe0786922a12c603458f3d4d50e11698f8b9953d74?s=96&d=mm&r=g","contentUrl":"https:\/\/secure.gravatar.com\/avatar\/17cc01e9d7154b6e3eb494fe0786922a12c603458f3d4d50e11698f8b9953d74?s=96&d=mm&r=g","caption":"Agrupamento de Escolas De Vale D'Este"},"url":"https:\/\/aevaledeste.pt\/site\/en\/author\/aeve\/"}]}},"_links":{"self":[{"href":"https:\/\/aevaledeste.pt\/site\/en\/wp-json\/wp\/v2\/posts\/10772","targetHints":{"allow":["GET"]}}],"collection":[{"href":"https:\/\/aevaledeste.pt\/site\/en\/wp-json\/wp\/v2\/posts"}],"about":[{"href":"https:\/\/aevaledeste.pt\/site\/en\/wp-json\/wp\/v2\/types\/post"}],"author":[{"embeddable":true,"href":"https:\/\/aevaledeste.pt\/site\/en\/wp-json\/wp\/v2\/users\/5"}],"replies":[{"embeddable":true,"href":"https:\/\/aevaledeste.pt\/site\/en\/wp-json\/wp\/v2\/comments?post=10772"}],"version-history":[{"count":7,"href":"https:\/\/aevaledeste.pt\/site\/en\/wp-json\/wp\/v2\/posts\/10772\/revisions"}],"predecessor-version":[{"id":10789,"href":"https:\/\/aevaledeste.pt\/site\/en\/wp-json\/wp\/v2\/posts\/10772\/revisions\/10789"}],"wp:featuredmedia":[{"embeddable":true,"href":"https:\/\/aevaledeste.pt\/site\/en\/wp-json\/wp\/v2\/media\/10773"}],"wp:attachment":[{"href":"https:\/\/aevaledeste.pt\/site\/en\/wp-json\/wp\/v2\/media?parent=10772"}],"wp:term":[{"taxonomy":"category","embeddable":true,"href":"https:\/\/aevaledeste.pt\/site\/en\/wp-json\/wp\/v2\/categories?post=10772"},{"taxonomy":"post_tag","embeddable":true,"href":"https:\/\/aevaledeste.pt\/site\/en\/wp-json\/wp\/v2\/tags?post=10772"}],"curies":[{"name":"wp","href":"https:\/\/api.w.org\/{rel}","templated":true}]}}